{"id":1570,"date":"2024-04-22T21:26:06","date_gmt":"2024-04-22T19:26:06","guid":{"rendered":"https:\/\/czeskastrefa.pl\/reseni-sporu-s-ceskym-zakaznikem\/"},"modified":"2024-05-15T20:34:05","modified_gmt":"2024-05-15T18:34:05","slug":"reseni-sporu-s-ceskym-zakaznikem","status":"publish","type":"post","link":"https:\/\/czeskastrefa.pl\/cs\/reseni-sporu-s-ceskym-zakaznikem\/","title":{"rendered":"\u0158e\u0161en\u00ed sporu s \u010desk\u00fdm z\u00e1kazn\u00edkem"},"content":{"rendered":"\n<p class=\"has-secondary-color has-text-color has-link-color wp-elements-44d8dc97dcf515d1c5d2491468390c25\">V p\u0159\u00edpad\u011b, \u017ee se z\u00e1kazn\u00edkovi nepoda\u0159\u00ed kontaktovat prodejce z jin\u00e9ho \u010dlensk\u00e9ho st\u00e1tu EU ohledn\u011b sporu nebo nebude souhlasit s \u0159e\u0161en\u00edm sporu, m\u016f\u017ee se z\u00e1kazn\u00edk obr\u00e1tit na mimosoudn\u00ed \u0159e\u0161en\u00ed spot\u0159ebitelsk\u00fdch spor\u016f. Spot\u0159ebitel m\u016f\u017ee kontaktovat subjekt p\u0159\u00edmo prost\u0159ednictv\u00edm e-mailu, formul\u00e1\u0159e subjektu nebo platformy <a href=\"https:\/\/ec.europa.eu\/consumers\/odr\/userguide\/?page=landing\" target=\"_blank\" rel=\"noreferrer noopener\">Online Dispute Resolution (ODR)<\/a>. <\/p>\n\n<h4 class=\"wp-block-heading\"><strong>Subjekty pro \u0159e\u0161en\u00ed spor\u016f  <\/strong><\/h4>\n\n<p class=\"has-secondary-color has-text-color has-link-color wp-elements-c98113d5a908abe3160ea89411512b80\">Mimosoudn\u00ed \u0159e\u0161en\u00ed spor\u016f je institut hled\u00e1n\u00ed vz\u00e1jemn\u011b p\u0159ijateln\u00e9 dohody mezi stranami sporu. Seznam subjekt\u016f pro mimosoudn\u00ed \u0159e\u0161en\u00ed spot\u0159ebitelsk\u00fdch spor\u016f na \u010desk\u00e9m trhu najdete <a href=\"https:\/\/www.mpo.cz\/en\/consumer-protection\/alternative-dispute-resolution-adr\/list-of-entities-of-out-of-court-settlement-of-consumer-disputes--245433\/\" target=\"_blank\" rel=\"noreferrer noopener\">zde<\/a>. Obsahuje z\u00e1kladn\u00ed informace, jako jsou kontaktn\u00ed \u00fadaje subjektu, typy spor\u016f, kategorie a odv\u011btv\u00ed spor\u016f nebo jazyky, ve kter\u00fdch lze spor \u0159e\u0161it. Tyto informace naleznete tak\u00e9 <a href=\"https:\/\/ec.europa.eu\/consumers\/odr\/main\/?event=main.adr.show2\">zde<\/a> s roz\u0161\u00ed\u0159en\u00edm na dal\u0161\u00ed \u010dlensk\u00e9 st\u00e1ty EU. <\/p>\n\n<h4 class=\"wp-block-heading\"><strong>Online platforma pro \u0159e\u0161en\u00ed spor\u016f  <\/strong><\/h4>\n\n<p class=\"has-secondary-color has-text-color has-link-color wp-elements-12a0a13af9901a94812658e449ddf930\">Evropsk\u00e1 unie chr\u00e1n\u00ed spot\u0159ebitele, kte\u0159\u00ed nakupuj\u00ed zbo\u017e\u00ed a slu\u017eby v \u010dlensk\u00fdch st\u00e1tech EU. Z tohoto d\u016fvodu byla vytvo\u0159ena platforma pro online\u0159e\u0161en\u00ed spor\u016f (<a href=\"https:\/\/ec.europa.eu\/consumers\/odr\/userguide\/?page=landing\" target=\"_blank\" rel=\"noreferrer noopener\">ODR<\/a>), kter\u00e1 m\u00e1 pr\u00e1vn\u00edm spor\u016fm p\u0159edch\u00e1zet. Tuto platformu lze vyu\u017e\u00edt ke komunikaci se z\u00e1kazn\u00edkem p\u0159edt\u00edm, ne\u017e z\u00e1kazn\u00edk pod\u00e1 st\u00ed\u017enost subjektu mimosoudn\u00edho \u0159e\u0161en\u00ed spot\u0159ebitelsk\u00fdch spor\u016f.  <\/p>\n\n<p class=\"has-secondary-color has-text-color has-link-color wp-elements-a51fb1bb80f7cd3b9df9e8db6ef6e2d9\">Pokud jste obdr\u017eeli e-mail, \u017ee na v\u00e1s spot\u0159ebitel podal st\u00ed\u017enost prost\u0159ednictv\u00edm syst\u00e9mu ODR, mus\u00edte si nejprve vytvo\u0159it \u00fa\u010det v tomto syst\u00e9mu, abyste mohli na st\u00ed\u017enost reagovat.  <\/p>\n\n<p><\/p>\n\n<figure class=\"wp-block-image size-full\"><img loading=\"lazy\" decoding=\"async\" width=\"980\" height=\"1000\" src=\"https:\/\/czeskastrefa.pl\/wp-content\/uploads\/2024\/04\/image-4.png\" alt=\"\" class=\"wp-image-672\" srcset=\"https:\/\/czeskastrefa.pl\/wp-content\/uploads\/2024\/04\/image-4.png 980w, https:\/\/czeskastrefa.pl\/wp-content\/uploads\/2024\/04\/image-4-294x300.png 294w, https:\/\/czeskastrefa.pl\/wp-content\/uploads\/2024\/04\/image-4-768x784.png 768w\" sizes=\"auto, (max-width: 980px) 100vw, 980px\" \/><\/figure>\n\n<div style=\"height:2px\" aria-hidden=\"true\" class=\"wp-block-spacer\"><\/div>\n\n<h4 class=\"wp-block-heading\"><strong>Povinnosti prod\u00e1vaj\u00edc\u00edch  <\/strong><\/h4>\n\n<ul class=\"wp-block-list\">\n<li>E-mailov\u00e1 adresa mus\u00ed b\u00fdt na webov\u00fdch str\u00e1nk\u00e1ch jasn\u011b uvedena. Pouh\u00e9 zve\u0159ejn\u011bn\u00ed interaktivn\u00edho kontaktn\u00edho formul\u00e1\u0159e nesta\u010d\u00ed.  <\/li>\n\n\n\n<li>Na internetov\u00fdch str\u00e1nk\u00e1ch mus\u00ed b\u00fdt uveden odkaz na platformu pro \u0159e\u0161en\u00ed spor\u016f online <a href=\"https:\/\/ec.europa.eu\/consumers\/odr\" target=\"_blank\" rel=\"noreferrer noopener\">ec.europa.eu\/consumers\/odr.<\/a> Tento odkaz mus\u00ed b\u00fdt na internetov\u00fdch str\u00e1nk\u00e1ch jasn\u011b viditeln\u00fd a snadno p\u0159\u00edstupn\u00fd.  <\/li>\n<\/ul>\n\n<p class=\"has-secondary-color has-text-color has-link-color wp-elements-cb1aa05e307e0ebb60fb7eba18f3108b\">Dal\u0161\u00ed informace o online \u0159e\u0161en\u00ed spor\u016f pro maloobchodn\u00edky naleznete <a href=\"https:\/\/ec.europa.eu\/consumers\/odr\/main\/?event=main.trader.register\" target=\"_blank\" rel=\"noreferrer noopener\">zde<\/a>.  <\/p>\n\n<p class=\"has-secondary-color has-text-color has-link-color wp-elements-297da6827809a1b3c8d8aa4f1e43758e\">Informace o pr\u00e1vech spot\u0159ebitel\u016f p\u0159i n\u00e1kupu slu\u017eeb nebo zbo\u017e\u00ed v EU naleznete <a href=\"https:\/\/europa.eu\/youreurope\/citizens\/consumers\/shopping\/shopping-consumer-rights\/index_pl.htm\">zde<\/a>.  <\/p>\n","protected":false},"excerpt":{"rendered":"<p>V p\u0159\u00edpad\u011b, \u017ee se z\u00e1kazn\u00edkovi nepoda\u0159\u00ed kontaktovat prodejce z jin\u00e9ho \u010dlensk\u00e9ho st\u00e1tu EU ohledn\u011b sporu nebo nebude souhlasit s \u0159e\u0161en\u00edm sporu, m\u016f\u017ee se z\u00e1kazn\u00edk obr\u00e1tit na mimosoudn\u00ed \u0159e\u0161en\u00ed spot\u0159ebitelsk\u00fdch spor\u016f. Spot\u0159ebitel m\u016f\u017ee kontaktovat subjekt p\u0159\u00edmo prost\u0159ednictv\u00edm e-mailu, formul\u00e1\u0159e subjektu nebo platformy Online Dispute Resolution (ODR). Subjekty pro \u0159e\u0161en\u00ed spor\u016f Mimosoudn\u00ed \u0159e\u0161en\u00ed spor\u016f je institut hled\u00e1n\u00ed [&hellip;]<\/p>\n","protected":false},"author":1,"featured_media":1271,"comment_status":"open","ping_status":"open","sticky":false,"template":"","format":"standard","meta":{"footnotes":""},"categories":[224,201],"tags":[226,310,314,319,308,313,318,315,311,215,317,312,309,316,216],"class_list":["post-1570","post","type-post","status-publish","format-standard","has-post-thumbnail","hentry","category-e-commerce-cs","category-spolecnost","tag-cesky-trh-cs","tag-cesti-zakaznici","tag-eu","tag-evropska-unie","tag-odr-cs","tag-prava-spotrebitelu","tag-prodejce","tag-reseni-sporu","tag-reseni-sporu-online","tag-spolecnost","tag-spolecnost-cs","tag-spory-cs","tag-spotrebitele","tag-stiznosti","tag-zakaznik"],"yoast_head":"<!-- This site is optimized with the Yoast SEO plugin v26.7 - https:\/\/yoast.com\/wordpress\/plugins\/seo\/ -->\n<title>\u0158e\u0161en\u00ed sporu s \u010desk\u00fdm z\u00e1kazn\u00edkem | Czeska Strefa<\/title>\n<meta name=\"description\" content=\"V p\u0159\u00edpad\u011b, \u017ee se z\u00e1kazn\u00edkovi nepoda\u0159\u00ed kontaktovat prodejce z jin\u00e9ho \u010dlensk\u00e9ho st\u00e1tu EU ohledn\u011b sporu nebo nebude souhlasit s \u0159e\u0161en\u00edm sporu, m\u016f\u017ee se z\u00e1kazn\u00edk obr\u00e1tit na mimosoudn\u00ed \u0159e\u0161en\u00ed spot\u0159ebitelsk\u00fdch spor\u016f. Spot\u0159ebitel m\u016f\u017ee kontaktovat subjekt p\u0159\u00edmo prost\u0159ednictv\u00edm e-mailu, formul\u00e1\u0159e subjektu nebo platformy pro online \u0159e\u0161en\u00ed spor\u016f (ODR).\" \/>\n<meta name=\"robots\" content=\"index, follow, max-snippet:-1, max-image-preview:large, max-video-preview:-1\" \/>\n<link rel=\"canonical\" href=\"https:\/\/czeskastrefa.pl\/cs\/reseni-sporu-s-ceskym-zakaznikem\/\" \/>\n<meta property=\"og:locale\" content=\"cs_CZ\" \/>\n<meta property=\"og:type\" content=\"article\" \/>\n<meta property=\"og:title\" content=\"\u0158e\u0161en\u00ed sporu s \u010desk\u00fdm z\u00e1kazn\u00edkem\" \/>\n<meta property=\"og:description\" content=\"V p\u0159\u00edpad\u011b, \u017ee se z\u00e1kazn\u00edkovi nepoda\u0159\u00ed kontaktovat prodejce z jin\u00e9ho \u010dlensk\u00e9ho st\u00e1tu EU ohledn\u011b sporu nebo nebude souhlasit s \u0159e\u0161en\u00edm sporu, m\u016f\u017ee se z\u00e1kazn\u00edk obr\u00e1tit na mimosoudn\u00ed \u0159e\u0161en\u00ed spot\u0159ebitelsk\u00fdch spor\u016f. Spot\u0159ebitel m\u016f\u017ee kontaktovat subjekt p\u0159\u00edmo prost\u0159ednictv\u00edm e-mailu, formul\u00e1\u0159e subjektu nebo platformy pro online \u0159e\u0161en\u00ed spor\u016f (ODR).\" \/>\n<meta property=\"og:url\" content=\"https:\/\/czeskastrefa.pl\/cs\/reseni-sporu-s-ceskym-zakaznikem\/\" \/>\n<meta property=\"og:site_name\" content=\"Czeska Strefa\" \/>\n<meta property=\"article:publisher\" content=\"https:\/\/www.facebook.com\/czeskastrefa\" \/>\n<meta property=\"article:published_time\" content=\"2024-04-22T19:26:06+00:00\" \/>\n<meta property=\"article:modified_time\" content=\"2024-05-15T18:34:05+00:00\" \/>\n<meta property=\"og:image\" content=\"https:\/\/czeskastrefa.pl\/wp-content\/uploads\/2024\/04\/pexels-timur-weber-8560014-1024x683.jpg\" \/>\n<meta name=\"author\" content=\"Pavel\" \/>\n<meta name=\"twitter:card\" content=\"summary_large_image\" \/>\n<meta name=\"twitter:label1\" content=\"Napsal(a)\" \/>\n\t<meta name=\"twitter:data1\" content=\"Pavel\" \/>\n\t<meta name=\"twitter:label2\" content=\"Odhadovan\u00e1 doba \u010dten\u00ed\" \/>\n\t<meta name=\"twitter:data2\" content=\"2 minuty\" \/>\n<script type=\"application\/ld+json\" class=\"yoast-schema-graph\">{\"@context\":\"https:\/\/schema.org\",\"@graph\":[{\"@type\":\"Article\",\"@id\":\"https:\/\/czeskastrefa.pl\/cs\/reseni-sporu-s-ceskym-zakaznikem\/#article\",\"isPartOf\":{\"@id\":\"https:\/\/czeskastrefa.pl\/cs\/reseni-sporu-s-ceskym-zakaznikem\/\"},\"author\":{\"name\":\"Pavel\",\"@id\":\"https:\/\/czeskastrefa.pl\/cs\/#\/schema\/person\/1d32ccb8e077c323959ca6d25fce3250\"},\"headline\":\"\u0158e\u0161en\u00ed sporu s \u010desk\u00fdm z\u00e1kazn\u00edkem\",\"datePublished\":\"2024-04-22T19:26:06+00:00\",\"dateModified\":\"2024-05-15T18:34:05+00:00\",\"mainEntityOfPage\":{\"@id\":\"https:\/\/czeskastrefa.pl\/cs\/reseni-sporu-s-ceskym-zakaznikem\/\"},\"wordCount\":366,\"commentCount\":0,\"publisher\":{\"@id\":\"https:\/\/czeskastrefa.pl\/cs\/#organization\"},\"image\":{\"@id\":\"https:\/\/czeskastrefa.pl\/cs\/reseni-sporu-s-ceskym-zakaznikem\/#primaryimage\"},\"thumbnailUrl\":\"https:\/\/czeskastrefa.pl\/wp-content\/uploads\/2024\/04\/pexels-timur-weber-8560014-scaled.jpg\",\"keywords\":[\"\u010desk\u00fd trh\",\"\u010ce\u0161t\u00ed z\u00e1kazn\u00edci\",\"EU\",\"Evropsk\u00e1 unie\",\"ODR\",\"pr\u00e1va spot\u0159ebitel\u016f\",\"prodejce\",\"\u0159e\u0161en\u00ed spor\u016f\",\"\u0159e\u0161en\u00ed spor\u016f online\",\"spole\u010dnost\",\"spole\u010dnost\",\"spory\",\"spot\u0159ebitel\u00e9\",\"st\u00ed\u017enosti\",\"z\u00e1kazn\u00edk\"],\"articleSection\":[\"E-commerce\",\"Spole\u010dnost\"],\"inLanguage\":\"cs\",\"potentialAction\":[{\"@type\":\"CommentAction\",\"name\":\"Comment\",\"target\":[\"https:\/\/czeskastrefa.pl\/cs\/reseni-sporu-s-ceskym-zakaznikem\/#respond\"]}]},{\"@type\":\"WebPage\",\"@id\":\"https:\/\/czeskastrefa.pl\/cs\/reseni-sporu-s-ceskym-zakaznikem\/\",\"url\":\"https:\/\/czeskastrefa.pl\/cs\/reseni-sporu-s-ceskym-zakaznikem\/\",\"name\":\"\u0158e\u0161en\u00ed sporu s \u010desk\u00fdm z\u00e1kazn\u00edkem | Czeska Strefa\",\"isPartOf\":{\"@id\":\"https:\/\/czeskastrefa.pl\/cs\/#website\"},\"primaryImageOfPage\":{\"@id\":\"https:\/\/czeskastrefa.pl\/cs\/reseni-sporu-s-ceskym-zakaznikem\/#primaryimage\"},\"image\":{\"@id\":\"https:\/\/czeskastrefa.pl\/cs\/reseni-sporu-s-ceskym-zakaznikem\/#primaryimage\"},\"thumbnailUrl\":\"https:\/\/czeskastrefa.pl\/wp-content\/uploads\/2024\/04\/pexels-timur-weber-8560014-scaled.jpg\",\"datePublished\":\"2024-04-22T19:26:06+00:00\",\"dateModified\":\"2024-05-15T18:34:05+00:00\",\"description\":\"V p\u0159\u00edpad\u011b, \u017ee se z\u00e1kazn\u00edkovi nepoda\u0159\u00ed kontaktovat prodejce z jin\u00e9ho \u010dlensk\u00e9ho st\u00e1tu EU ohledn\u011b sporu nebo nebude souhlasit s \u0159e\u0161en\u00edm sporu, m\u016f\u017ee se z\u00e1kazn\u00edk obr\u00e1tit na mimosoudn\u00ed \u0159e\u0161en\u00ed spot\u0159ebitelsk\u00fdch spor\u016f. Spot\u0159ebitel m\u016f\u017ee kontaktovat subjekt p\u0159\u00edmo prost\u0159ednictv\u00edm e-mailu, formul\u00e1\u0159e subjektu nebo platformy pro online \u0159e\u0161en\u00ed spor\u016f (ODR).\",\"breadcrumb\":{\"@id\":\"https:\/\/czeskastrefa.pl\/cs\/reseni-sporu-s-ceskym-zakaznikem\/#breadcrumb\"},\"inLanguage\":\"cs\",\"potentialAction\":[{\"@type\":\"ReadAction\",\"target\":[\"https:\/\/czeskastrefa.pl\/cs\/reseni-sporu-s-ceskym-zakaznikem\/\"]}]},{\"@type\":\"ImageObject\",\"inLanguage\":\"cs\",\"@id\":\"https:\/\/czeskastrefa.pl\/cs\/reseni-sporu-s-ceskym-zakaznikem\/#primaryimage\",\"url\":\"https:\/\/czeskastrefa.pl\/wp-content\/uploads\/2024\/04\/pexels-timur-weber-8560014-scaled.jpg\",\"contentUrl\":\"https:\/\/czeskastrefa.pl\/wp-content\/uploads\/2024\/04\/pexels-timur-weber-8560014-scaled.jpg\",\"width\":2560,\"height\":1707},{\"@type\":\"BreadcrumbList\",\"@id\":\"https:\/\/czeskastrefa.pl\/cs\/reseni-sporu-s-ceskym-zakaznikem\/#breadcrumb\",\"itemListElement\":[{\"@type\":\"ListItem\",\"position\":1,\"name\":\"Strona g\u0142\u00f3wna\",\"item\":\"https:\/\/czeskastrefa.pl\/cs\/\"},{\"@type\":\"ListItem\",\"position\":2,\"name\":\"\u0158e\u0161en\u00ed sporu s \u010desk\u00fdm z\u00e1kazn\u00edkem\"}]},{\"@type\":\"WebSite\",\"@id\":\"https:\/\/czeskastrefa.pl\/cs\/#website\",\"url\":\"https:\/\/czeskastrefa.pl\/cs\/\",\"name\":\"Czeska Strefa\",\"description\":\"Us\u0142ugi zwi\u0105zane z e-commerce na rynku czeskim\",\"publisher\":{\"@id\":\"https:\/\/czeskastrefa.pl\/cs\/#organization\"},\"alternateName\":\"Czeska Strefa\",\"potentialAction\":[{\"@type\":\"SearchAction\",\"target\":{\"@type\":\"EntryPoint\",\"urlTemplate\":\"https:\/\/czeskastrefa.pl\/cs\/?s={search_term_string}\"},\"query-input\":{\"@type\":\"PropertyValueSpecification\",\"valueRequired\":true,\"valueName\":\"search_term_string\"}}],\"inLanguage\":\"cs\"},{\"@type\":\"Organization\",\"@id\":\"https:\/\/czeskastrefa.pl\/cs\/#organization\",\"name\":\"Czeska Strefa\",\"alternateName\":\"Us\u0142ugi e-commerce na rynku czeskim\",\"url\":\"https:\/\/czeskastrefa.pl\/cs\/\",\"logo\":{\"@type\":\"ImageObject\",\"inLanguage\":\"cs\",\"@id\":\"https:\/\/czeskastrefa.pl\/cs\/#\/schema\/logo\/image\/\",\"url\":\"https:\/\/czeskastrefa.pl\/wp-content\/uploads\/2024\/04\/cropped-thumbnail_czeska-strefa-512-pxbhhui.png\",\"contentUrl\":\"https:\/\/czeskastrefa.pl\/wp-content\/uploads\/2024\/04\/cropped-thumbnail_czeska-strefa-512-pxbhhui.png\",\"width\":240,\"height\":240,\"caption\":\"Czeska Strefa\"},\"image\":{\"@id\":\"https:\/\/czeskastrefa.pl\/cs\/#\/schema\/logo\/image\/\"},\"sameAs\":[\"https:\/\/www.facebook.com\/czeskastrefa\",\"https:\/\/www.linkedin.com\/company\/czeskastrefa\",\"https:\/\/www.instagram.com\/czeskastrefa\"]},{\"@type\":\"Person\",\"@id\":\"https:\/\/czeskastrefa.pl\/cs\/#\/schema\/person\/1d32ccb8e077c323959ca6d25fce3250\",\"name\":\"Pavel\",\"image\":{\"@type\":\"ImageObject\",\"inLanguage\":\"cs\",\"@id\":\"https:\/\/czeskastrefa.pl\/cs\/#\/schema\/person\/image\/\",\"url\":\"https:\/\/secure.gravatar.com\/avatar\/085f67c8a973f3afb71a7154f8b42948964ced82947c1a5cab9e277e1494e625?s=96&d=mm&r=g\",\"contentUrl\":\"https:\/\/secure.gravatar.com\/avatar\/085f67c8a973f3afb71a7154f8b42948964ced82947c1a5cab9e277e1494e625?s=96&d=mm&r=g\",\"caption\":\"Pavel\"},\"sameAs\":[\"https:\/\/czeskastrefa.pl\"],\"url\":\"https:\/\/czeskastrefa.pl\/cs\/author\/pavel\/\"}]}<\/script>\n<!-- \/ Yoast SEO plugin. -->","yoast_head_json":{"title":"\u0158e\u0161en\u00ed sporu s \u010desk\u00fdm z\u00e1kazn\u00edkem | Czeska Strefa","description":"V p\u0159\u00edpad\u011b, \u017ee se z\u00e1kazn\u00edkovi nepoda\u0159\u00ed kontaktovat prodejce z jin\u00e9ho \u010dlensk\u00e9ho st\u00e1tu EU ohledn\u011b sporu nebo nebude souhlasit s \u0159e\u0161en\u00edm sporu, m\u016f\u017ee se z\u00e1kazn\u00edk obr\u00e1tit na mimosoudn\u00ed \u0159e\u0161en\u00ed spot\u0159ebitelsk\u00fdch spor\u016f. Spot\u0159ebitel m\u016f\u017ee kontaktovat subjekt p\u0159\u00edmo prost\u0159ednictv\u00edm e-mailu, formul\u00e1\u0159e subjektu nebo platformy pro online \u0159e\u0161en\u00ed spor\u016f (ODR).","robots":{"index":"index","follow":"follow","max-snippet":"max-snippet:-1","max-image-preview":"max-image-preview:large","max-video-preview":"max-video-preview:-1"},"canonical":"https:\/\/czeskastrefa.pl\/cs\/reseni-sporu-s-ceskym-zakaznikem\/","og_locale":"cs_CZ","og_type":"article","og_title":"\u0158e\u0161en\u00ed sporu s \u010desk\u00fdm z\u00e1kazn\u00edkem","og_description":"V p\u0159\u00edpad\u011b, \u017ee se z\u00e1kazn\u00edkovi nepoda\u0159\u00ed kontaktovat prodejce z jin\u00e9ho \u010dlensk\u00e9ho st\u00e1tu EU ohledn\u011b sporu nebo nebude souhlasit s \u0159e\u0161en\u00edm sporu, m\u016f\u017ee se z\u00e1kazn\u00edk obr\u00e1tit na mimosoudn\u00ed \u0159e\u0161en\u00ed spot\u0159ebitelsk\u00fdch spor\u016f. Spot\u0159ebitel m\u016f\u017ee kontaktovat subjekt p\u0159\u00edmo prost\u0159ednictv\u00edm e-mailu, formul\u00e1\u0159e subjektu nebo platformy pro online \u0159e\u0161en\u00ed spor\u016f (ODR).","og_url":"https:\/\/czeskastrefa.pl\/cs\/reseni-sporu-s-ceskym-zakaznikem\/","og_site_name":"Czeska Strefa","article_publisher":"https:\/\/www.facebook.com\/czeskastrefa","article_published_time":"2024-04-22T19:26:06+00:00","article_modified_time":"2024-05-15T18:34:05+00:00","og_image":[{"url":"https:\/\/czeskastrefa.pl\/wp-content\/uploads\/2024\/04\/pexels-timur-weber-8560014-1024x683.jpg","type":"","width":"","height":""}],"author":"Pavel","twitter_card":"summary_large_image","twitter_misc":{"Napsal(a)":"Pavel","Odhadovan\u00e1 doba \u010dten\u00ed":"2 minuty"},"schema":{"@context":"https:\/\/schema.org","@graph":[{"@type":"Article","@id":"https:\/\/czeskastrefa.pl\/cs\/reseni-sporu-s-ceskym-zakaznikem\/#article","isPartOf":{"@id":"https:\/\/czeskastrefa.pl\/cs\/reseni-sporu-s-ceskym-zakaznikem\/"},"author":{"name":"Pavel","@id":"https:\/\/czeskastrefa.pl\/cs\/#\/schema\/person\/1d32ccb8e077c323959ca6d25fce3250"},"headline":"\u0158e\u0161en\u00ed sporu s \u010desk\u00fdm z\u00e1kazn\u00edkem","datePublished":"2024-04-22T19:26:06+00:00","dateModified":"2024-05-15T18:34:05+00:00","mainEntityOfPage":{"@id":"https:\/\/czeskastrefa.pl\/cs\/reseni-sporu-s-ceskym-zakaznikem\/"},"wordCount":366,"commentCount":0,"publisher":{"@id":"https:\/\/czeskastrefa.pl\/cs\/#organization"},"image":{"@id":"https:\/\/czeskastrefa.pl\/cs\/reseni-sporu-s-ceskym-zakaznikem\/#primaryimage"},"thumbnailUrl":"https:\/\/czeskastrefa.pl\/wp-content\/uploads\/2024\/04\/pexels-timur-weber-8560014-scaled.jpg","keywords":["\u010desk\u00fd trh","\u010ce\u0161t\u00ed z\u00e1kazn\u00edci","EU","Evropsk\u00e1 unie","ODR","pr\u00e1va spot\u0159ebitel\u016f","prodejce","\u0159e\u0161en\u00ed spor\u016f","\u0159e\u0161en\u00ed spor\u016f online","spole\u010dnost","spole\u010dnost","spory","spot\u0159ebitel\u00e9","st\u00ed\u017enosti","z\u00e1kazn\u00edk"],"articleSection":["E-commerce","Spole\u010dnost"],"inLanguage":"cs","potentialAction":[{"@type":"CommentAction","name":"Comment","target":["https:\/\/czeskastrefa.pl\/cs\/reseni-sporu-s-ceskym-zakaznikem\/#respond"]}]},{"@type":"WebPage","@id":"https:\/\/czeskastrefa.pl\/cs\/reseni-sporu-s-ceskym-zakaznikem\/","url":"https:\/\/czeskastrefa.pl\/cs\/reseni-sporu-s-ceskym-zakaznikem\/","name":"\u0158e\u0161en\u00ed sporu s \u010desk\u00fdm z\u00e1kazn\u00edkem | Czeska Strefa","isPartOf":{"@id":"https:\/\/czeskastrefa.pl\/cs\/#website"},"primaryImageOfPage":{"@id":"https:\/\/czeskastrefa.pl\/cs\/reseni-sporu-s-ceskym-zakaznikem\/#primaryimage"},"image":{"@id":"https:\/\/czeskastrefa.pl\/cs\/reseni-sporu-s-ceskym-zakaznikem\/#primaryimage"},"thumbnailUrl":"https:\/\/czeskastrefa.pl\/wp-content\/uploads\/2024\/04\/pexels-timur-weber-8560014-scaled.jpg","datePublished":"2024-04-22T19:26:06+00:00","dateModified":"2024-05-15T18:34:05+00:00","description":"V p\u0159\u00edpad\u011b, \u017ee se z\u00e1kazn\u00edkovi nepoda\u0159\u00ed kontaktovat prodejce z jin\u00e9ho \u010dlensk\u00e9ho st\u00e1tu EU ohledn\u011b sporu nebo nebude souhlasit s \u0159e\u0161en\u00edm sporu, m\u016f\u017ee se z\u00e1kazn\u00edk obr\u00e1tit na mimosoudn\u00ed \u0159e\u0161en\u00ed spot\u0159ebitelsk\u00fdch spor\u016f. Spot\u0159ebitel m\u016f\u017ee kontaktovat subjekt p\u0159\u00edmo prost\u0159ednictv\u00edm e-mailu, formul\u00e1\u0159e subjektu nebo platformy pro online \u0159e\u0161en\u00ed spor\u016f (ODR).","breadcrumb":{"@id":"https:\/\/czeskastrefa.pl\/cs\/reseni-sporu-s-ceskym-zakaznikem\/#breadcrumb"},"inLanguage":"cs","potentialAction":[{"@type":"ReadAction","target":["https:\/\/czeskastrefa.pl\/cs\/reseni-sporu-s-ceskym-zakaznikem\/"]}]},{"@type":"ImageObject","inLanguage":"cs","@id":"https:\/\/czeskastrefa.pl\/cs\/reseni-sporu-s-ceskym-zakaznikem\/#primaryimage","url":"https:\/\/czeskastrefa.pl\/wp-content\/uploads\/2024\/04\/pexels-timur-weber-8560014-scaled.jpg","contentUrl":"https:\/\/czeskastrefa.pl\/wp-content\/uploads\/2024\/04\/pexels-timur-weber-8560014-scaled.jpg","width":2560,"height":1707},{"@type":"BreadcrumbList","@id":"https:\/\/czeskastrefa.pl\/cs\/reseni-sporu-s-ceskym-zakaznikem\/#breadcrumb","itemListElement":[{"@type":"ListItem","position":1,"name":"Strona g\u0142\u00f3wna","item":"https:\/\/czeskastrefa.pl\/cs\/"},{"@type":"ListItem","position":2,"name":"\u0158e\u0161en\u00ed sporu s \u010desk\u00fdm z\u00e1kazn\u00edkem"}]},{"@type":"WebSite","@id":"https:\/\/czeskastrefa.pl\/cs\/#website","url":"https:\/\/czeskastrefa.pl\/cs\/","name":"Czeska Strefa","description":"Us\u0142ugi zwi\u0105zane z e-commerce na rynku czeskim","publisher":{"@id":"https:\/\/czeskastrefa.pl\/cs\/#organization"},"alternateName":"Czeska Strefa","potentialAction":[{"@type":"SearchAction","target":{"@type":"EntryPoint","urlTemplate":"https:\/\/czeskastrefa.pl\/cs\/?s={search_term_string}"},"query-input":{"@type":"PropertyValueSpecification","valueRequired":true,"valueName":"search_term_string"}}],"inLanguage":"cs"},{"@type":"Organization","@id":"https:\/\/czeskastrefa.pl\/cs\/#organization","name":"Czeska Strefa","alternateName":"Us\u0142ugi e-commerce na rynku czeskim","url":"https:\/\/czeskastrefa.pl\/cs\/","logo":{"@type":"ImageObject","inLanguage":"cs","@id":"https:\/\/czeskastrefa.pl\/cs\/#\/schema\/logo\/image\/","url":"https:\/\/czeskastrefa.pl\/wp-content\/uploads\/2024\/04\/cropped-thumbnail_czeska-strefa-512-pxbhhui.png","contentUrl":"https:\/\/czeskastrefa.pl\/wp-content\/uploads\/2024\/04\/cropped-thumbnail_czeska-strefa-512-pxbhhui.png","width":240,"height":240,"caption":"Czeska Strefa"},"image":{"@id":"https:\/\/czeskastrefa.pl\/cs\/#\/schema\/logo\/image\/"},"sameAs":["https:\/\/www.facebook.com\/czeskastrefa","https:\/\/www.linkedin.com\/company\/czeskastrefa","https:\/\/www.instagram.com\/czeskastrefa"]},{"@type":"Person","@id":"https:\/\/czeskastrefa.pl\/cs\/#\/schema\/person\/1d32ccb8e077c323959ca6d25fce3250","name":"Pavel","image":{"@type":"ImageObject","inLanguage":"cs","@id":"https:\/\/czeskastrefa.pl\/cs\/#\/schema\/person\/image\/","url":"https:\/\/secure.gravatar.com\/avatar\/085f67c8a973f3afb71a7154f8b42948964ced82947c1a5cab9e277e1494e625?s=96&d=mm&r=g","contentUrl":"https:\/\/secure.gravatar.com\/avatar\/085f67c8a973f3afb71a7154f8b42948964ced82947c1a5cab9e277e1494e625?s=96&d=mm&r=g","caption":"Pavel"},"sameAs":["https:\/\/czeskastrefa.pl"],"url":"https:\/\/czeskastrefa.pl\/cs\/author\/pavel\/"}]}},"_links":{"self":[{"href":"https:\/\/czeskastrefa.pl\/cs\/wp-json\/wp\/v2\/posts\/1570","targetHints":{"allow":["GET"]}}],"collection":[{"href":"https:\/\/czeskastrefa.pl\/cs\/wp-json\/wp\/v2\/posts"}],"about":[{"href":"https:\/\/czeskastrefa.pl\/cs\/wp-json\/wp\/v2\/types\/post"}],"author":[{"embeddable":true,"href":"https:\/\/czeskastrefa.pl\/cs\/wp-json\/wp\/v2\/users\/1"}],"replies":[{"embeddable":true,"href":"https:\/\/czeskastrefa.pl\/cs\/wp-json\/wp\/v2\/comments?post=1570"}],"version-history":[{"count":1,"href":"https:\/\/czeskastrefa.pl\/cs\/wp-json\/wp\/v2\/posts\/1570\/revisions"}],"predecessor-version":[{"id":1581,"href":"https:\/\/czeskastrefa.pl\/cs\/wp-json\/wp\/v2\/posts\/1570\/revisions\/1581"}],"wp:featuredmedia":[{"embeddable":true,"href":"https:\/\/czeskastrefa.pl\/cs\/wp-json\/wp\/v2\/media\/1271"}],"wp:attachment":[{"href":"https:\/\/czeskastrefa.pl\/cs\/wp-json\/wp\/v2\/media?parent=1570"}],"wp:term":[{"taxonomy":"category","embeddable":true,"href":"https:\/\/czeskastrefa.pl\/cs\/wp-json\/wp\/v2\/categories?post=1570"},{"taxonomy":"post_tag","embeddable":true,"href":"https:\/\/czeskastrefa.pl\/cs\/wp-json\/wp\/v2\/tags?post=1570"}],"curies":[{"name":"wp","href":"https:\/\/api.w.org\/{rel}","templated":true}]}}