{"id":1665,"date":"2024-04-23T20:29:44","date_gmt":"2024-04-23T18:29:44","guid":{"rendered":"https:\/\/czeskastrefa.pl\/jake-predpisy-se-vztahuji-na-elektronicke-obchodovani-na-ceskem-trhu\/"},"modified":"2024-05-15T20:34:29","modified_gmt":"2024-05-15T18:34:29","slug":"jake-predpisy-se-vztahuji-na-elektronicke-obchodovani-na-ceskem-trhu","status":"publish","type":"post","link":"https:\/\/czeskastrefa.pl\/cs\/jake-predpisy-se-vztahuji-na-elektronicke-obchodovani-na-ceskem-trhu\/","title":{"rendered":"Jak\u00e9 p\u0159edpisy se vztahuj\u00ed na elektronick\u00e9 obchodov\u00e1n\u00ed na \u010desk\u00e9m trhu?"},"content":{"rendered":"\n<p>V tomto \u010dl\u00e1nku se budeme obecn\u011b zab\u00fdvat 4 nejd\u016fle\u017eit\u011bj\u0161\u00edmi pr\u00e1vn\u00edmi p\u0159edpisy pro e-shopy v \u010cesk\u00e9 republice. Pokud tedy provozujete \u010desk\u00fd e-shop a chcete se sezn\u00e1mit s pr\u00e1vn\u00edmi p\u0159edpisy, kter\u00e9 mus\u00edte v t\u00e9to zemi dodr\u017eovat, najdete tyto informace n\u00ed\u017ee.<\/p>\n\n<h4 class=\"wp-block-heading\"><strong>Ob\u010dansk\u00fd z\u00e1kon\u00edk (nov\u00fd) &#8211; z\u00e1kon \u010d. 89\/2012 Sb.<\/strong><\/h4>\n\n<p>Z\u00e1kon definuje spot\u0159ebitele a podnikatele ve v\u0161ech relevantn\u00edch ohledech. Najdete zde tak\u00e9 informace o tom, jak uzav\u0159\u00edt kupn\u00ed smlouvu, jak\u00e9 informace mus\u00edte spot\u0159ebiteli poskytnout p\u0159ed prodejem zbo\u017e\u00ed nebo slu\u017eeb a uzav\u0159en\u00edm kupn\u00ed smlouvy. Najdete zde tak\u00e9 odd\u00edly t\u00fdkaj\u00edc\u00ed se nap\u0159\u00edklad jakosti zbo\u017e\u00ed p\u0159i p\u0159evzet\u00ed, odstoupen\u00ed od kupn\u00ed smlouvy, povinnost\u00ed prod\u00e1vaj\u00edc\u00edho v\u016f\u010di spot\u0159ebiteli nebo pr\u00e1va z vadn\u00e9ho proveden\u00ed, tj. reklamace.<\/p>\n\n<details class=\"wp-block-details has-secondary-color has-text-color has-link-color wp-elements-08482ed7cbf4e207e7780819d4f3565b is-layout-flow wp-block-details-is-layout-flow\"><summary><strong>\u00a7 2106<\/strong><\/summary>\n<p>(1) Pokud vadn\u00e9 pln\u011bn\u00ed p\u0159edstavuje podstatn\u00e9 poru\u0161en\u00ed smlouvy, m\u00e1 kupuj\u00edc\u00ed pr\u00e1vo na.<br\/>a) odstranit vadu dod\u00e1n\u00edm nov\u00e9 v\u011bci bez vady nebo dod\u00e1n\u00edm chyb\u011bj\u00edc\u00ed v\u011bci,<br\/>(b) odstranit vadu opravou v\u011bci,<br\/>(c) za p\u0159im\u011b\u0159enou slevu z kupn\u00ed ceny, nebo<br\/>(d) odstoupen\u00ed od smlouvy.<\/p>\n\n\n\n<p>(2) Kupuj\u00edc\u00ed je povinen informovat prod\u00e1vaj\u00edc\u00edho o zvolen\u00e9m pr\u00e1vu po nahl\u00e1\u0161en\u00ed vady nebo bez zbyte\u010dn\u00e9ho odkladu po nahl\u00e1\u0161en\u00ed vady. Provedenou volbu nem\u016f\u017ee kupuj\u00edc\u00ed zm\u011bnit bez souhlasu prod\u00e1vaj\u00edc\u00edho; to neplat\u00ed, pokud kupuj\u00edc\u00ed po\u017e\u00e1dal o odstran\u011bn\u00ed vady, kter\u00e1 se uk\u00e1zala jako neodstraniteln\u00e1. Pokud prod\u00e1vaj\u00edc\u00ed neodstran\u00ed vadu v p\u0159im\u011b\u0159en\u00e9 lh\u016ft\u011b nebo kupuj\u00edc\u00edmu sd\u011bl\u00ed, \u017ee vadu neodstran\u00ed, m\u016f\u017ee kupuj\u00edc\u00ed m\u00edsto odstran\u011bn\u00ed vady po\u017eadovat p\u0159im\u011b\u0159en\u00e9 sn\u00ed\u017een\u00ed kupn\u00ed ceny nebo m\u016f\u017ee od smlouvy odstoupit.<\/p>\n\n\n\n<p>(3) Pokud kupuj\u00edc\u00ed nezvol\u00ed sv\u00e9 pr\u00e1vo ve lh\u016ft\u011b, m\u00e1 pr\u00e1va podle \u00a7 2107.<\/p>\n<\/details>\n\n<div class=\"wp-block-file\"><a id=\"wp-block-file--media-f5fdd342-44db-46a5-a764-874c17f8c31b\" href=\"https:\/\/czeskastrefa.pl\/wp-content\/uploads\/2024\/04\/Kodeks-cywilny.pdf\">Ob\u010dansk\u00fd z\u00e1kon\u00edk<\/a><a href=\"https:\/\/czeskastrefa.pl\/wp-content\/uploads\/2024\/04\/Kodeks-cywilny.pdf\" class=\"wp-block-file__button wp-element-button\" download=\"\" aria-describedby=\"wp-block-file--media-f5fdd342-44db-46a5-a764-874c17f8c31b\">St\u00e1hnout<\/a><\/div>\n\n<h4 class=\"wp-block-heading\"><strong>O n\u011bkter\u00fdch slu\u017eb\u00e1ch informa\u010dn\u00ed spole\u010dnosti &#8211; z\u00e1kon \u010d. 480\/2004 Sb.  <\/strong><\/h4>\n\n<p>Z\u00e1kon upravuj\u00edc\u00ed povinnosti poskytovatel\u016f zprost\u0159edkovatelsk\u00fdch slu\u017eeb. Poskytovatel slu\u017eeb je ka\u017ed\u00e1 fyzick\u00e1 nebo pr\u00e1vnick\u00e1 osoba, kter\u00e1 poskytuje jakoukoli slu\u017ebu informa\u010dn\u00ed spole\u010dnosti, a u\u017eivatel je ka\u017ed\u00e1 fyzick\u00e1 nebo pr\u00e1vnick\u00e1 osoba, kter\u00e1 vyu\u017e\u00edv\u00e1 slu\u017ebu informa\u010dn\u00ed spole\u010dnosti, zejm\u00e9na k vyhled\u00e1v\u00e1n\u00ed nebo zp\u0159\u00edstup\u0148ov\u00e1n\u00ed informac\u00ed. D\u00e1le z\u00e1kon upravuje \u0161\u00ed\u0159en\u00ed obchodn\u00edch sd\u011blen\u00ed elektronick\u00fdmi prost\u0159edky nebo popisuje konkr\u00e9tn\u00ed trestn\u00e9 \u010diny.<\/p>\n\n<div class=\"wp-block-file\"><a id=\"wp-block-file--media-0718fca3-6128-407c-9c82-b89c42988e3e\" href=\"https:\/\/czeskastrefa.pl\/wp-content\/uploads\/2024\/04\/O-niektorych-uslugach-spoleczenstwa-informacyjnego.pdf\">O n\u011bkter\u00fdch slu\u017eb\u00e1ch informa\u010dn\u00ed spole\u010dnosti<\/a><a href=\"https:\/\/czeskastrefa.pl\/wp-content\/uploads\/2024\/04\/O-niektorych-uslugach-spoleczenstwa-informacyjnego.pdf\" class=\"wp-block-file__button wp-element-button\" download=\"\" aria-describedby=\"wp-block-file--media-0718fca3-6128-407c-9c82-b89c42988e3e\">St\u00e1hnout<\/a><\/div>\n\n<h4 class=\"wp-block-heading\"><strong>O zpracov\u00e1n\u00ed osobn\u00edch \u00fadaj\u016f &#8211; z\u00e1kon \u010d. 110\/2019 Sb.  <\/strong><\/h4>\n\n<p>Tento z\u00e1kon upravuje zpracov\u00e1n\u00ed osobn\u00edch \u00fadaj\u016f v souladu s na\u0159\u00edzen\u00edm Evropsk\u00e9ho parlamentu a Rady (EU) 2016\/679, tzv. &#8222;Na\u0159\u00edzen\u00edm Evropsk\u00e9ho parlamentu a Rady&#8220;. RODO. Spr\u00e1vc\u016fm a u\u017eivatel\u016fm \u00fadaj\u016f vypl\u00fdvaj\u00ed z tohoto z\u00e1kona pr\u00e1va a povinnosti. \u00da\u0159ad pro ochranu osobn\u00edch \u00fadaj\u016f<a href=\"https:\/\/www.uoou.cz\/\">(\u00daOO\u00da)<\/a> je \u00fast\u0159edn\u00edm spr\u00e1vn\u00edm \u00fa\u0159adem, kter\u00fd dohl\u00ed\u017e\u00ed na ochranu soukrom\u00ed a osobn\u00edch \u00fadaj\u016f v \u010cesk\u00e9 republice.<\/p>\n\n<div class=\"wp-block-file\"><a id=\"wp-block-file--media-dc60b76a-d5cd-4974-8340-3aab634fabb3\" href=\"https:\/\/czeskastrefa.pl\/wp-content\/uploads\/2024\/04\/O-przetwarzaniu-danych-osobowych.pdf\">O zpracov\u00e1n\u00ed osobn\u00edch \u00fadaj\u016f<\/a><a href=\"https:\/\/czeskastrefa.pl\/wp-content\/uploads\/2024\/04\/O-przetwarzaniu-danych-osobowych.pdf\" class=\"wp-block-file__button wp-element-button\" download=\"\" aria-describedby=\"wp-block-file--media-dc60b76a-d5cd-4974-8340-3aab634fabb3\">St\u00e1hnout<\/a><\/div>\n\n<p><\/p>\n\n<figure class=\"wp-block-image size-full\"><img loading=\"lazy\" decoding=\"async\" width=\"1024\" height=\"684\" src=\"https:\/\/czeskastrefa.pl\/wp-content\/uploads\/2024\/04\/iStock-107098187245-1-1.jpg\" alt=\"\" class=\"wp-image-722\" srcset=\"https:\/\/czeskastrefa.pl\/wp-content\/uploads\/2024\/04\/iStock-107098187245-1-1.jpg 1024w, https:\/\/czeskastrefa.pl\/wp-content\/uploads\/2024\/04\/iStock-107098187245-1-1-300x200.jpg 300w, https:\/\/czeskastrefa.pl\/wp-content\/uploads\/2024\/04\/iStock-107098187245-1-1-768x513.jpg 768w\" sizes=\"auto, (max-width: 1024px) 100vw, 1024px\" \/><\/figure>\n\n<p><\/p>\n\n<h4 class=\"wp-block-heading\"><strong>O ochran\u011b spot\u0159ebitele &#8211; z\u00e1kon 634\/1992 Sb.  <\/strong><\/h4>\n\n<p>Z\u00e1kon definuje z\u00e1kladn\u00ed pojmy, jako je spot\u0159ebitel, prod\u00e1vaj\u00edc\u00ed, v\u00fdrobce, dodavatel, v\u00fdrobek nebo slu\u017eba. Krom\u011b toho z\u00e1kon upravuje povinnosti prod\u00e1vaj\u00edc\u00edho, nap\u0159. pokud jde o prodej v\u00fdrobk\u016f nebo informa\u010dn\u00ed povinnosti, definuje klamav\u00e9 obchodn\u00ed praktiky a nekal\u00e9 obchodn\u00ed praktiky. Podle z\u00e1kona o ochran\u011b spot\u0159ebitele m\u00e1 spot\u0159ebitel (fyzick\u00e1 osoba, kter\u00e1 nejedn\u00e1 v r\u00e1mci sv\u00e9 podnikatelsk\u00e9 \u010dinnosti nebo v r\u00e1mci sv\u00e9ho povol\u00e1n\u00ed) pr\u00e1vo na mimosoudn\u00ed \u0159e\u0161en\u00ed spot\u0159ebitelsk\u00e9ho sporu z kupn\u00ed smlouvy nebo smlouvy o poskytov\u00e1n\u00ed slu\u017eeb. Subjekty zapojen\u00e9 do mimosoudn\u00edho \u0159e\u0161en\u00ed spot\u0159ebitelsk\u00fdch spor\u016f jsou za\u0159azeny na <a href=\"https:\/\/ec.europa.eu\/consumers\/odr\/main\/?event=main.adr.show2\">seznam<\/a> subjekt\u016f <a href=\"https:\/\/ec.europa.eu\/consumers\/odr\/main\/?event=main.adr.show2\">alternativn\u00edho \u0159e\u0161en\u00ed spor\u016f Evropsk\u00e9 komise<\/a>. V praxi to vypad\u00e1 tak, \u017ee spot\u0159ebitel <a href=\"https:\/\/www.coi.cz\/mimosoudni-reseni-spotrebitelskych-sporu-adr\/\">zde<\/a> pod\u00e1v\u00e1 n\u00e1vrh na mimosoudn\u00ed \u0159e\u0161en\u00ed spot\u0159ebitelsk\u00fdch spor\u016f (ADR) prost\u0159ednictv\u00edm <a href=\"https:\/\/www.coi.cz\/\">\u010cesk\u00e9 obchodn\u00ed inspek<\/a>ce.<\/p>\n\n<details class=\"wp-block-details is-layout-flow wp-block-details-is-layout-flow\"><summary><strong>\u00a7 3<\/strong><\/summary>\n<p>Poctivost p\u0159i prodeji v\u00fdrobk\u016f a poskytov\u00e1n\u00ed slu\u017eeb<\/p>\n\n\n\n<p>(1) Prod\u00e1vaj\u00edc\u00ed je povinen:<\/p>\n\n\n\n<p>a) prod\u00e1vat v\u00fdrobky ve spr\u00e1vn\u00e9 hmotnosti, m\u00ed\u0159e nebo mno\u017estv\u00ed a umo\u017enit spot\u0159ebiteli zkontrolovat spr\u00e1vnost t\u011bchto \u00fadaj\u016f,<\/p>\n\n\n\n<p>(b) prod\u00e1vat v\u00fdrobky a poskytovat slu\u017eby v jakosti p\u0159edepsan\u00e9 nebo schv\u00e1len\u00e9, je-li z\u00e1konem nebo zvl\u00e1\u0161tn\u00edmi p\u0159edpisy stanovena, nebo v jakosti j\u00edm ur\u010den\u00e9; nen\u00ed-li jakost p\u0159edeps\u00e1na, schv\u00e1lena nebo ur\u010dena, jako obvykle,<\/p>\n\n\n\n<p>(c) prod\u00e1vat v\u00fdrobky a poskytovat slu\u017eby za ceny stanoven\u00e9 v souladu s cenov\u00fdmi p\u0159edpisy a spr\u00e1vn\u011b \u00fa\u010dtovat o cen\u00e1ch p\u0159i prodeji v\u00fdrobk\u016f nebo poskytov\u00e1n\u00ed slu\u017eeb; p\u0159i kone\u010dn\u00e9m vy\u00fa\u010dtov\u00e1n\u00ed prodan\u00fdch v\u00fdrobk\u016f a poskytnut\u00fdch slu\u017eeb v hotovosti se celkov\u00e1 \u010d\u00e1stka v\u017edy zaokrouhluje na nejbli\u017e\u0161\u00ed platnou nomin\u00e1ln\u00ed hodnotu z\u00e1konn\u00fdch pen\u011bz v ob\u011bhu,<\/p>\n\n\n\n<p>(d) p\u0159i prodeji v\u00fdrobk\u016f pou\u017e\u00edvat m\u011b\u0159ic\u00ed za\u0159\u00edzen\u00ed, kter\u00e1 spl\u0148uj\u00ed po\u017eadavky stanoven\u00e9 zvl\u00e1\u0161tn\u00edm pr\u00e1vn\u00edm p\u0159edpisem upravuj\u00edc\u00edm oblast metrologie.<\/p>\n\n\n\n<p>(2) Prod\u00e1vaj\u00edc\u00ed nesm\u00ed v souvislosti se zvolen\u00fdm zp\u016fsobem platby po\u017eadovat, aby spot\u0159ebitel zaplatil \u010d\u00e1stku, kter\u00e1 p\u0159esahuje p\u0159\u00edm\u00e9 n\u00e1klady prod\u00e1vaj\u00edc\u00edho spojen\u00e9 s t\u00edmto zp\u016fsobem platby.<\/p>\n<\/details>\n\n<details class=\"wp-block-details is-layout-flow wp-block-details-is-layout-flow\"><summary><strong>\u00a7 9<\/strong><\/summary>\n<p>(1) Prod\u00e1vaj\u00edc\u00ed je povinen \u0159\u00e1dn\u011b informovat spot\u0159ebitele o pou\u017e\u00edv\u00e1n\u00ed a \u00fadr\u017eb\u011b v\u00fdrobku a o nebezpe\u010d\u00edch vypl\u00fdvaj\u00edc\u00edch z nespr\u00e1vn\u00e9ho pou\u017e\u00edv\u00e1n\u00ed nebo \u00fadr\u017eby v\u00fdrobku, jako\u017e i o rizic\u00edch spojen\u00fdch s poskytov\u00e1n\u00edm slu\u017eby. Pokud je to nezbytn\u00e9 vzhledem k povaze prod\u00e1van\u00e9ho v\u00fdrobku nebo poskytovan\u00e9 slu\u017eby a zp\u016fsobu a dob\u011b jejich pou\u017e\u00edv\u00e1n\u00ed, prod\u00e1vaj\u00edc\u00ed zajist\u00ed, aby tyto informace byly uvedeny v p\u00edsemn\u00e9m n\u00e1vodu a byly srozumiteln\u00e9.<\/p>\n\n\n\n<p>(2) Prod\u00e1vaj\u00edc\u00ed poskytne spot\u0159ebiteli pokyny podle odstavce 2. 1 na odoln\u00e9m datov\u00e9m nosi\u010di. Prod\u00e1vaj\u00edc\u00ed poskytne spot\u0159ebiteli p\u00edsemn\u00e9 pokyny, pokud o to spot\u0159ebitel po\u017e\u00e1d\u00e1 a pokud to nen\u00ed nep\u0159im\u011b\u0159en\u00e9 vzhledem k okolnostem nebo zp\u016fsobu uzav\u0159en\u00ed smlouvy, vlastnostem prod\u00e1van\u00e9ho v\u00fdrobku nebo povaze poskytovan\u00e9 slu\u017eby.<\/p>\n\n\n\n<p>(3) Prod\u00e1vaj\u00edc\u00ed nem\u016f\u017ee b\u00fdt zpro\u0161t\u011bn povinnost\u00ed uveden\u00fdch v odstavci 1. 1 a 2 t\u00edm, \u017ee uvede, \u017ee mu v\u00fdrobce, dovozce nebo dodavatel neposkytl pot\u0159ebn\u00e9 nebo spr\u00e1vn\u00e9 informace. Tyto povinnosti se v\u0161ak nevztahuj\u00ed na p\u0159\u00edpady, kdy se jedn\u00e1 o zjevn\u00e9 nebo obecn\u011b zn\u00e1m\u00e9 skute\u010dnosti.<\/p>\n<\/details>\n\n<div class=\"wp-block-file\"><a id=\"wp-block-file--media-2bc17243-9d9f-4a78-ae8f-af7174b287c8\" href=\"https:\/\/czeskastrefa.pl\/wp-content\/uploads\/2024\/04\/O-ochronie-konsumenta.pdf\">O ochran\u011b spot\u0159ebitele<\/a><a href=\"https:\/\/czeskastrefa.pl\/wp-content\/uploads\/2024\/04\/O-ochronie-konsumenta.pdf\" class=\"wp-block-file__button wp-element-button\" download=\"\" aria-describedby=\"wp-block-file--media-2bc17243-9d9f-4a78-ae8f-af7174b287c8\">St\u00e1hnout<\/a><\/div>\n\n<p>Samoz\u0159ejm\u011b existuj\u00ed i dal\u0161\u00ed p\u0159edpisy, kter\u00e9 mus\u00edte jako pr\u00e1vnick\u00e1 osoba v \u010cesk\u00e9 republice dodr\u017eovat. To v\u0161ak z\u00e1vis\u00ed na typu spole\u010dnosti, kterou vlastn\u00edte. Nap\u0159\u00edklad z\u00e1kon o obchodn\u00edch spole\u010dnostech 90\/2012 Sb. pro spole\u010dnosti s ru\u010den\u00edm omezen\u00fdm (s.r.o.) nebo z\u00e1kon o \u017eivnostensk\u00e9m podnik\u00e1n\u00ed 455\/1991 Sb. pro \u017eivnostn\u00edky. D\u00e1le z\u00e1kon o dani z p\u0159idan\u00e9 hodnoty 235\/2004 Sb. kter\u00fd upravuje dan\u011b. Mnoh\u00e9 z t\u011bchto z\u00e1kon\u016f navazuj\u00ed na legislativu Evropsk\u00e9 unie nebo ji dopl\u0148uj\u00ed.<\/p>\n","protected":false},"excerpt":{"rendered":"<p>V tomto \u010dl\u00e1nku se budeme obecn\u011b zab\u00fdvat 4 nejd\u016fle\u017eit\u011bj\u0161\u00edmi pr\u00e1vn\u00edmi p\u0159edpisy pro e-shopy v \u010cesk\u00e9 republice. Pokud tedy provozujete \u010desk\u00fd e-shop a chcete se sezn\u00e1mit s pr\u00e1vn\u00edmi p\u0159edpisy, kter\u00e9 mus\u00edte v t\u00e9to zemi dodr\u017eovat, najdete tyto informace n\u00ed\u017ee. Ob\u010dansk\u00fd z\u00e1kon\u00edk (nov\u00fd) &#8211; z\u00e1kon \u010d. 89\/2012 Sb. Z\u00e1kon definuje spot\u0159ebitele a podnikatele ve v\u0161ech relevantn\u00edch ohledech. [&hellip;]<\/p>\n","protected":false},"author":1,"featured_media":1319,"comment_status":"open","ping_status":"open","sticky":false,"template":"","format":"standard","meta":{"footnotes":""},"categories":[224,201],"tags":[588,207,226,204,314,319,587,219,585,590,431,589,218,203,417,427,318,586,422],"class_list":["post-1665","post","type-post","status-publish","format-standard","has-post-thumbnail","hentry","category-e-commerce-cs","category-spolecnost","tag-ceska-obchodni-inspekce","tag-ceska-republika","tag-cesky-trh-cs","tag-cestina","tag-eu","tag-evropska-unie","tag-gdpr-cs","tag-individualni-podnikani","tag-kupujici","tag-legislativy-odpovednosti","tag-obcansky-zakonik","tag-osobni-udaje","tag-podnikani","tag-podnikani-v-ceske-republice","tag-pravo-cs","tag-pravo-cs-2","tag-prodejce","tag-rodo-cs","tag-spotrebitel-cs"],"yoast_head":"<!-- This site is optimized with the Yoast SEO plugin v26.7 - https:\/\/yoast.com\/wordpress\/plugins\/seo\/ -->\n<title>Jak\u00e9 p\u0159edpisy se vztahuj\u00ed na elektronick\u00e9 obchodov\u00e1n\u00ed na \u010desk\u00e9m trhu? | Czeska Strefa<\/title>\n<meta name=\"description\" content=\"V tomto \u010dl\u00e1nku se budeme obecn\u011b zab\u00fdvat \u010dty\u0159mi nejd\u016fle\u017eit\u011bj\u0161\u00edmi pr\u00e1vn\u00edmi p\u0159edpisy t\u00fdkaj\u00edc\u00edmi se elektronick\u00e9ho obchodov\u00e1n\u00ed v \u010cesk\u00e9 republice. Pokud tedy provozujete \u010desk\u00fd e-shop a chcete se sezn\u00e1mit s pr\u00e1vn\u00edmi p\u0159edpisy, kter\u00e9 mus\u00edte v t\u00e9to zemi dodr\u017eovat, najdete tyto informace n\u00ed\u017ee.\" \/>\n<meta name=\"robots\" content=\"index, follow, max-snippet:-1, max-image-preview:large, max-video-preview:-1\" \/>\n<link rel=\"canonical\" href=\"https:\/\/czeskastrefa.pl\/cs\/jake-predpisy-se-vztahuji-na-elektronicke-obchodovani-na-ceskem-trhu\/\" \/>\n<meta property=\"og:locale\" content=\"cs_CZ\" \/>\n<meta property=\"og:type\" content=\"article\" \/>\n<meta property=\"og:title\" content=\"Jak\u00e9 p\u0159edpisy se vztahuj\u00ed na elektronick\u00e9 obchodov\u00e1n\u00ed na \u010desk\u00e9m trhu?\" \/>\n<meta property=\"og:description\" content=\"V tomto \u010dl\u00e1nku se budeme obecn\u011b zab\u00fdvat \u010dty\u0159mi nejd\u016fle\u017eit\u011bj\u0161\u00edmi pr\u00e1vn\u00edmi p\u0159edpisy t\u00fdkaj\u00edc\u00edmi se elektronick\u00e9ho obchodov\u00e1n\u00ed v \u010cesk\u00e9 republice. Pokud tedy provozujete \u010desk\u00fd e-shop a chcete se sezn\u00e1mit s pr\u00e1vn\u00edmi p\u0159edpisy, kter\u00e9 mus\u00edte v t\u00e9to zemi dodr\u017eovat, najdete tyto informace n\u00ed\u017ee.\" \/>\n<meta property=\"og:url\" content=\"https:\/\/czeskastrefa.pl\/cs\/jake-predpisy-se-vztahuji-na-elektronicke-obchodovani-na-ceskem-trhu\/\" \/>\n<meta property=\"og:site_name\" content=\"Czeska Strefa\" \/>\n<meta property=\"article:publisher\" content=\"https:\/\/www.facebook.com\/czeskastrefa\" \/>\n<meta property=\"article:published_time\" content=\"2024-04-23T18:29:44+00:00\" \/>\n<meta property=\"article:modified_time\" content=\"2024-05-15T18:34:29+00:00\" \/>\n<meta property=\"og:image\" content=\"https:\/\/czeskastrefa.pl\/wp-content\/uploads\/2024\/04\/pexels-pixabay-220326-1024x768.jpg\" \/>\n<meta name=\"author\" content=\"Pavel\" \/>\n<meta name=\"twitter:card\" content=\"summary_large_image\" \/>\n<meta name=\"twitter:label1\" content=\"Napsal(a)\" \/>\n\t<meta name=\"twitter:data1\" content=\"Pavel\" \/>\n\t<meta name=\"twitter:label2\" content=\"Odhadovan\u00e1 doba \u010dten\u00ed\" \/>\n\t<meta name=\"twitter:data2\" content=\"6 minut\" \/>\n<script type=\"application\/ld+json\" class=\"yoast-schema-graph\">{\"@context\":\"https:\/\/schema.org\",\"@graph\":[{\"@type\":\"Article\",\"@id\":\"https:\/\/czeskastrefa.pl\/cs\/jake-predpisy-se-vztahuji-na-elektronicke-obchodovani-na-ceskem-trhu\/#article\",\"isPartOf\":{\"@id\":\"https:\/\/czeskastrefa.pl\/cs\/jake-predpisy-se-vztahuji-na-elektronicke-obchodovani-na-ceskem-trhu\/\"},\"author\":{\"name\":\"Pavel\",\"@id\":\"https:\/\/czeskastrefa.pl\/cs\/#\/schema\/person\/1d32ccb8e077c323959ca6d25fce3250\"},\"headline\":\"Jak\u00e9 p\u0159edpisy se vztahuj\u00ed na elektronick\u00e9 obchodov\u00e1n\u00ed na \u010desk\u00e9m trhu?\",\"datePublished\":\"2024-04-23T18:29:44+00:00\",\"dateModified\":\"2024-05-15T18:34:29+00:00\",\"mainEntityOfPage\":{\"@id\":\"https:\/\/czeskastrefa.pl\/cs\/jake-predpisy-se-vztahuji-na-elektronicke-obchodovani-na-ceskem-trhu\/\"},\"wordCount\":1241,\"commentCount\":0,\"publisher\":{\"@id\":\"https:\/\/czeskastrefa.pl\/cs\/#organization\"},\"image\":{\"@id\":\"https:\/\/czeskastrefa.pl\/cs\/jake-predpisy-se-vztahuji-na-elektronicke-obchodovani-na-ceskem-trhu\/#primaryimage\"},\"thumbnailUrl\":\"https:\/\/czeskastrefa.pl\/wp-content\/uploads\/2024\/04\/pexels-pixabay-220326-scaled.jpg\",\"keywords\":[\"\u010cesk\u00e1 obchodn\u00ed inspekce\",\"\u010cesk\u00e1 republika\",\"\u010desk\u00fd trh\",\"\u010de\u0161tina\",\"EU\",\"Evropsk\u00e1 unie\",\"GDPR\",\"individu\u00e1ln\u00ed podnik\u00e1n\u00ed\",\"kupuj\u00edc\u00ed\",\"legislativy. odpov\u011bdnosti\",\"ob\u010dansk\u00fd z\u00e1kon\u00edk\",\"osobn\u00ed \u00fadaje\",\"podnik\u00e1n\u00ed\",\"podnik\u00e1n\u00ed v \u010cesk\u00e9 republice\",\"pr\u00e1vo\",\"Pr\u00e1vo\",\"prodejce\",\"RODO\",\"spot\u0159ebitel\"],\"articleSection\":[\"E-commerce\",\"Spole\u010dnost\"],\"inLanguage\":\"cs\",\"potentialAction\":[{\"@type\":\"CommentAction\",\"name\":\"Comment\",\"target\":[\"https:\/\/czeskastrefa.pl\/cs\/jake-predpisy-se-vztahuji-na-elektronicke-obchodovani-na-ceskem-trhu\/#respond\"]}]},{\"@type\":\"WebPage\",\"@id\":\"https:\/\/czeskastrefa.pl\/cs\/jake-predpisy-se-vztahuji-na-elektronicke-obchodovani-na-ceskem-trhu\/\",\"url\":\"https:\/\/czeskastrefa.pl\/cs\/jake-predpisy-se-vztahuji-na-elektronicke-obchodovani-na-ceskem-trhu\/\",\"name\":\"Jak\u00e9 p\u0159edpisy se vztahuj\u00ed na elektronick\u00e9 obchodov\u00e1n\u00ed na \u010desk\u00e9m trhu? | Czeska Strefa\",\"isPartOf\":{\"@id\":\"https:\/\/czeskastrefa.pl\/cs\/#website\"},\"primaryImageOfPage\":{\"@id\":\"https:\/\/czeskastrefa.pl\/cs\/jake-predpisy-se-vztahuji-na-elektronicke-obchodovani-na-ceskem-trhu\/#primaryimage\"},\"image\":{\"@id\":\"https:\/\/czeskastrefa.pl\/cs\/jake-predpisy-se-vztahuji-na-elektronicke-obchodovani-na-ceskem-trhu\/#primaryimage\"},\"thumbnailUrl\":\"https:\/\/czeskastrefa.pl\/wp-content\/uploads\/2024\/04\/pexels-pixabay-220326-scaled.jpg\",\"datePublished\":\"2024-04-23T18:29:44+00:00\",\"dateModified\":\"2024-05-15T18:34:29+00:00\",\"description\":\"V tomto \u010dl\u00e1nku se budeme obecn\u011b zab\u00fdvat \u010dty\u0159mi nejd\u016fle\u017eit\u011bj\u0161\u00edmi pr\u00e1vn\u00edmi p\u0159edpisy t\u00fdkaj\u00edc\u00edmi se elektronick\u00e9ho obchodov\u00e1n\u00ed v \u010cesk\u00e9 republice. Pokud tedy provozujete \u010desk\u00fd e-shop a chcete se sezn\u00e1mit s pr\u00e1vn\u00edmi p\u0159edpisy, kter\u00e9 mus\u00edte v t\u00e9to zemi dodr\u017eovat, najdete tyto informace n\u00ed\u017ee.\",\"breadcrumb\":{\"@id\":\"https:\/\/czeskastrefa.pl\/cs\/jake-predpisy-se-vztahuji-na-elektronicke-obchodovani-na-ceskem-trhu\/#breadcrumb\"},\"inLanguage\":\"cs\",\"potentialAction\":[{\"@type\":\"ReadAction\",\"target\":[\"https:\/\/czeskastrefa.pl\/cs\/jake-predpisy-se-vztahuji-na-elektronicke-obchodovani-na-ceskem-trhu\/\"]}]},{\"@type\":\"ImageObject\",\"inLanguage\":\"cs\",\"@id\":\"https:\/\/czeskastrefa.pl\/cs\/jake-predpisy-se-vztahuji-na-elektronicke-obchodovani-na-ceskem-trhu\/#primaryimage\",\"url\":\"https:\/\/czeskastrefa.pl\/wp-content\/uploads\/2024\/04\/pexels-pixabay-220326-scaled.jpg\",\"contentUrl\":\"https:\/\/czeskastrefa.pl\/wp-content\/uploads\/2024\/04\/pexels-pixabay-220326-scaled.jpg\",\"width\":2560,\"height\":1920},{\"@type\":\"BreadcrumbList\",\"@id\":\"https:\/\/czeskastrefa.pl\/cs\/jake-predpisy-se-vztahuji-na-elektronicke-obchodovani-na-ceskem-trhu\/#breadcrumb\",\"itemListElement\":[{\"@type\":\"ListItem\",\"position\":1,\"name\":\"Strona g\u0142\u00f3wna\",\"item\":\"https:\/\/czeskastrefa.pl\/cs\/\"},{\"@type\":\"ListItem\",\"position\":2,\"name\":\"Jak\u00e9 p\u0159edpisy se vztahuj\u00ed na elektronick\u00e9 obchodov\u00e1n\u00ed na \u010desk\u00e9m trhu?\"}]},{\"@type\":\"WebSite\",\"@id\":\"https:\/\/czeskastrefa.pl\/cs\/#website\",\"url\":\"https:\/\/czeskastrefa.pl\/cs\/\",\"name\":\"Czeska Strefa\",\"description\":\"Us\u0142ugi zwi\u0105zane z e-commerce na rynku czeskim\",\"publisher\":{\"@id\":\"https:\/\/czeskastrefa.pl\/cs\/#organization\"},\"alternateName\":\"Czeska Strefa\",\"potentialAction\":[{\"@type\":\"SearchAction\",\"target\":{\"@type\":\"EntryPoint\",\"urlTemplate\":\"https:\/\/czeskastrefa.pl\/cs\/?s={search_term_string}\"},\"query-input\":{\"@type\":\"PropertyValueSpecification\",\"valueRequired\":true,\"valueName\":\"search_term_string\"}}],\"inLanguage\":\"cs\"},{\"@type\":\"Organization\",\"@id\":\"https:\/\/czeskastrefa.pl\/cs\/#organization\",\"name\":\"Czeska Strefa\",\"alternateName\":\"Us\u0142ugi e-commerce na rynku czeskim\",\"url\":\"https:\/\/czeskastrefa.pl\/cs\/\",\"logo\":{\"@type\":\"ImageObject\",\"inLanguage\":\"cs\",\"@id\":\"https:\/\/czeskastrefa.pl\/cs\/#\/schema\/logo\/image\/\",\"url\":\"https:\/\/czeskastrefa.pl\/wp-content\/uploads\/2024\/04\/cropped-thumbnail_czeska-strefa-512-pxbhhui.png\",\"contentUrl\":\"https:\/\/czeskastrefa.pl\/wp-content\/uploads\/2024\/04\/cropped-thumbnail_czeska-strefa-512-pxbhhui.png\",\"width\":240,\"height\":240,\"caption\":\"Czeska Strefa\"},\"image\":{\"@id\":\"https:\/\/czeskastrefa.pl\/cs\/#\/schema\/logo\/image\/\"},\"sameAs\":[\"https:\/\/www.facebook.com\/czeskastrefa\",\"https:\/\/www.linkedin.com\/company\/czeskastrefa\",\"https:\/\/www.instagram.com\/czeskastrefa\"]},{\"@type\":\"Person\",\"@id\":\"https:\/\/czeskastrefa.pl\/cs\/#\/schema\/person\/1d32ccb8e077c323959ca6d25fce3250\",\"name\":\"Pavel\",\"image\":{\"@type\":\"ImageObject\",\"inLanguage\":\"cs\",\"@id\":\"https:\/\/czeskastrefa.pl\/cs\/#\/schema\/person\/image\/\",\"url\":\"https:\/\/secure.gravatar.com\/avatar\/085f67c8a973f3afb71a7154f8b42948964ced82947c1a5cab9e277e1494e625?s=96&d=mm&r=g\",\"contentUrl\":\"https:\/\/secure.gravatar.com\/avatar\/085f67c8a973f3afb71a7154f8b42948964ced82947c1a5cab9e277e1494e625?s=96&d=mm&r=g\",\"caption\":\"Pavel\"},\"sameAs\":[\"https:\/\/czeskastrefa.pl\"],\"url\":\"https:\/\/czeskastrefa.pl\/cs\/author\/pavel\/\"}]}<\/script>\n<!-- \/ Yoast SEO plugin. -->","yoast_head_json":{"title":"Jak\u00e9 p\u0159edpisy se vztahuj\u00ed na elektronick\u00e9 obchodov\u00e1n\u00ed na \u010desk\u00e9m trhu? | Czeska Strefa","description":"V tomto \u010dl\u00e1nku se budeme obecn\u011b zab\u00fdvat \u010dty\u0159mi nejd\u016fle\u017eit\u011bj\u0161\u00edmi pr\u00e1vn\u00edmi p\u0159edpisy t\u00fdkaj\u00edc\u00edmi se elektronick\u00e9ho obchodov\u00e1n\u00ed v \u010cesk\u00e9 republice. Pokud tedy provozujete \u010desk\u00fd e-shop a chcete se sezn\u00e1mit s pr\u00e1vn\u00edmi p\u0159edpisy, kter\u00e9 mus\u00edte v t\u00e9to zemi dodr\u017eovat, najdete tyto informace n\u00ed\u017ee.","robots":{"index":"index","follow":"follow","max-snippet":"max-snippet:-1","max-image-preview":"max-image-preview:large","max-video-preview":"max-video-preview:-1"},"canonical":"https:\/\/czeskastrefa.pl\/cs\/jake-predpisy-se-vztahuji-na-elektronicke-obchodovani-na-ceskem-trhu\/","og_locale":"cs_CZ","og_type":"article","og_title":"Jak\u00e9 p\u0159edpisy se vztahuj\u00ed na elektronick\u00e9 obchodov\u00e1n\u00ed na \u010desk\u00e9m trhu?","og_description":"V tomto \u010dl\u00e1nku se budeme obecn\u011b zab\u00fdvat \u010dty\u0159mi nejd\u016fle\u017eit\u011bj\u0161\u00edmi pr\u00e1vn\u00edmi p\u0159edpisy t\u00fdkaj\u00edc\u00edmi se elektronick\u00e9ho obchodov\u00e1n\u00ed v \u010cesk\u00e9 republice. Pokud tedy provozujete \u010desk\u00fd e-shop a chcete se sezn\u00e1mit s pr\u00e1vn\u00edmi p\u0159edpisy, kter\u00e9 mus\u00edte v t\u00e9to zemi dodr\u017eovat, najdete tyto informace n\u00ed\u017ee.","og_url":"https:\/\/czeskastrefa.pl\/cs\/jake-predpisy-se-vztahuji-na-elektronicke-obchodovani-na-ceskem-trhu\/","og_site_name":"Czeska Strefa","article_publisher":"https:\/\/www.facebook.com\/czeskastrefa","article_published_time":"2024-04-23T18:29:44+00:00","article_modified_time":"2024-05-15T18:34:29+00:00","og_image":[{"url":"https:\/\/czeskastrefa.pl\/wp-content\/uploads\/2024\/04\/pexels-pixabay-220326-1024x768.jpg","type":"","width":"","height":""}],"author":"Pavel","twitter_card":"summary_large_image","twitter_misc":{"Napsal(a)":"Pavel","Odhadovan\u00e1 doba \u010dten\u00ed":"6 minut"},"schema":{"@context":"https:\/\/schema.org","@graph":[{"@type":"Article","@id":"https:\/\/czeskastrefa.pl\/cs\/jake-predpisy-se-vztahuji-na-elektronicke-obchodovani-na-ceskem-trhu\/#article","isPartOf":{"@id":"https:\/\/czeskastrefa.pl\/cs\/jake-predpisy-se-vztahuji-na-elektronicke-obchodovani-na-ceskem-trhu\/"},"author":{"name":"Pavel","@id":"https:\/\/czeskastrefa.pl\/cs\/#\/schema\/person\/1d32ccb8e077c323959ca6d25fce3250"},"headline":"Jak\u00e9 p\u0159edpisy se vztahuj\u00ed na elektronick\u00e9 obchodov\u00e1n\u00ed na \u010desk\u00e9m trhu?","datePublished":"2024-04-23T18:29:44+00:00","dateModified":"2024-05-15T18:34:29+00:00","mainEntityOfPage":{"@id":"https:\/\/czeskastrefa.pl\/cs\/jake-predpisy-se-vztahuji-na-elektronicke-obchodovani-na-ceskem-trhu\/"},"wordCount":1241,"commentCount":0,"publisher":{"@id":"https:\/\/czeskastrefa.pl\/cs\/#organization"},"image":{"@id":"https:\/\/czeskastrefa.pl\/cs\/jake-predpisy-se-vztahuji-na-elektronicke-obchodovani-na-ceskem-trhu\/#primaryimage"},"thumbnailUrl":"https:\/\/czeskastrefa.pl\/wp-content\/uploads\/2024\/04\/pexels-pixabay-220326-scaled.jpg","keywords":["\u010cesk\u00e1 obchodn\u00ed inspekce","\u010cesk\u00e1 republika","\u010desk\u00fd trh","\u010de\u0161tina","EU","Evropsk\u00e1 unie","GDPR","individu\u00e1ln\u00ed podnik\u00e1n\u00ed","kupuj\u00edc\u00ed","legislativy. odpov\u011bdnosti","ob\u010dansk\u00fd z\u00e1kon\u00edk","osobn\u00ed \u00fadaje","podnik\u00e1n\u00ed","podnik\u00e1n\u00ed v \u010cesk\u00e9 republice","pr\u00e1vo","Pr\u00e1vo","prodejce","RODO","spot\u0159ebitel"],"articleSection":["E-commerce","Spole\u010dnost"],"inLanguage":"cs","potentialAction":[{"@type":"CommentAction","name":"Comment","target":["https:\/\/czeskastrefa.pl\/cs\/jake-predpisy-se-vztahuji-na-elektronicke-obchodovani-na-ceskem-trhu\/#respond"]}]},{"@type":"WebPage","@id":"https:\/\/czeskastrefa.pl\/cs\/jake-predpisy-se-vztahuji-na-elektronicke-obchodovani-na-ceskem-trhu\/","url":"https:\/\/czeskastrefa.pl\/cs\/jake-predpisy-se-vztahuji-na-elektronicke-obchodovani-na-ceskem-trhu\/","name":"Jak\u00e9 p\u0159edpisy se vztahuj\u00ed na elektronick\u00e9 obchodov\u00e1n\u00ed na \u010desk\u00e9m trhu? | Czeska Strefa","isPartOf":{"@id":"https:\/\/czeskastrefa.pl\/cs\/#website"},"primaryImageOfPage":{"@id":"https:\/\/czeskastrefa.pl\/cs\/jake-predpisy-se-vztahuji-na-elektronicke-obchodovani-na-ceskem-trhu\/#primaryimage"},"image":{"@id":"https:\/\/czeskastrefa.pl\/cs\/jake-predpisy-se-vztahuji-na-elektronicke-obchodovani-na-ceskem-trhu\/#primaryimage"},"thumbnailUrl":"https:\/\/czeskastrefa.pl\/wp-content\/uploads\/2024\/04\/pexels-pixabay-220326-scaled.jpg","datePublished":"2024-04-23T18:29:44+00:00","dateModified":"2024-05-15T18:34:29+00:00","description":"V tomto \u010dl\u00e1nku se budeme obecn\u011b zab\u00fdvat \u010dty\u0159mi nejd\u016fle\u017eit\u011bj\u0161\u00edmi pr\u00e1vn\u00edmi p\u0159edpisy t\u00fdkaj\u00edc\u00edmi se elektronick\u00e9ho obchodov\u00e1n\u00ed v \u010cesk\u00e9 republice. Pokud tedy provozujete \u010desk\u00fd e-shop a chcete se sezn\u00e1mit s pr\u00e1vn\u00edmi p\u0159edpisy, kter\u00e9 mus\u00edte v t\u00e9to zemi dodr\u017eovat, najdete tyto informace n\u00ed\u017ee.","breadcrumb":{"@id":"https:\/\/czeskastrefa.pl\/cs\/jake-predpisy-se-vztahuji-na-elektronicke-obchodovani-na-ceskem-trhu\/#breadcrumb"},"inLanguage":"cs","potentialAction":[{"@type":"ReadAction","target":["https:\/\/czeskastrefa.pl\/cs\/jake-predpisy-se-vztahuji-na-elektronicke-obchodovani-na-ceskem-trhu\/"]}]},{"@type":"ImageObject","inLanguage":"cs","@id":"https:\/\/czeskastrefa.pl\/cs\/jake-predpisy-se-vztahuji-na-elektronicke-obchodovani-na-ceskem-trhu\/#primaryimage","url":"https:\/\/czeskastrefa.pl\/wp-content\/uploads\/2024\/04\/pexels-pixabay-220326-scaled.jpg","contentUrl":"https:\/\/czeskastrefa.pl\/wp-content\/uploads\/2024\/04\/pexels-pixabay-220326-scaled.jpg","width":2560,"height":1920},{"@type":"BreadcrumbList","@id":"https:\/\/czeskastrefa.pl\/cs\/jake-predpisy-se-vztahuji-na-elektronicke-obchodovani-na-ceskem-trhu\/#breadcrumb","itemListElement":[{"@type":"ListItem","position":1,"name":"Strona g\u0142\u00f3wna","item":"https:\/\/czeskastrefa.pl\/cs\/"},{"@type":"ListItem","position":2,"name":"Jak\u00e9 p\u0159edpisy se vztahuj\u00ed na elektronick\u00e9 obchodov\u00e1n\u00ed na \u010desk\u00e9m trhu?"}]},{"@type":"WebSite","@id":"https:\/\/czeskastrefa.pl\/cs\/#website","url":"https:\/\/czeskastrefa.pl\/cs\/","name":"Czeska Strefa","description":"Us\u0142ugi zwi\u0105zane z e-commerce na rynku czeskim","publisher":{"@id":"https:\/\/czeskastrefa.pl\/cs\/#organization"},"alternateName":"Czeska Strefa","potentialAction":[{"@type":"SearchAction","target":{"@type":"EntryPoint","urlTemplate":"https:\/\/czeskastrefa.pl\/cs\/?s={search_term_string}"},"query-input":{"@type":"PropertyValueSpecification","valueRequired":true,"valueName":"search_term_string"}}],"inLanguage":"cs"},{"@type":"Organization","@id":"https:\/\/czeskastrefa.pl\/cs\/#organization","name":"Czeska Strefa","alternateName":"Us\u0142ugi e-commerce na rynku czeskim","url":"https:\/\/czeskastrefa.pl\/cs\/","logo":{"@type":"ImageObject","inLanguage":"cs","@id":"https:\/\/czeskastrefa.pl\/cs\/#\/schema\/logo\/image\/","url":"https:\/\/czeskastrefa.pl\/wp-content\/uploads\/2024\/04\/cropped-thumbnail_czeska-strefa-512-pxbhhui.png","contentUrl":"https:\/\/czeskastrefa.pl\/wp-content\/uploads\/2024\/04\/cropped-thumbnail_czeska-strefa-512-pxbhhui.png","width":240,"height":240,"caption":"Czeska Strefa"},"image":{"@id":"https:\/\/czeskastrefa.pl\/cs\/#\/schema\/logo\/image\/"},"sameAs":["https:\/\/www.facebook.com\/czeskastrefa","https:\/\/www.linkedin.com\/company\/czeskastrefa","https:\/\/www.instagram.com\/czeskastrefa"]},{"@type":"Person","@id":"https:\/\/czeskastrefa.pl\/cs\/#\/schema\/person\/1d32ccb8e077c323959ca6d25fce3250","name":"Pavel","image":{"@type":"ImageObject","inLanguage":"cs","@id":"https:\/\/czeskastrefa.pl\/cs\/#\/schema\/person\/image\/","url":"https:\/\/secure.gravatar.com\/avatar\/085f67c8a973f3afb71a7154f8b42948964ced82947c1a5cab9e277e1494e625?s=96&d=mm&r=g","contentUrl":"https:\/\/secure.gravatar.com\/avatar\/085f67c8a973f3afb71a7154f8b42948964ced82947c1a5cab9e277e1494e625?s=96&d=mm&r=g","caption":"Pavel"},"sameAs":["https:\/\/czeskastrefa.pl"],"url":"https:\/\/czeskastrefa.pl\/cs\/author\/pavel\/"}]}},"_links":{"self":[{"href":"https:\/\/czeskastrefa.pl\/cs\/wp-json\/wp\/v2\/posts\/1665","targetHints":{"allow":["GET"]}}],"collection":[{"href":"https:\/\/czeskastrefa.pl\/cs\/wp-json\/wp\/v2\/posts"}],"about":[{"href":"https:\/\/czeskastrefa.pl\/cs\/wp-json\/wp\/v2\/types\/post"}],"author":[{"embeddable":true,"href":"https:\/\/czeskastrefa.pl\/cs\/wp-json\/wp\/v2\/users\/1"}],"replies":[{"embeddable":true,"href":"https:\/\/czeskastrefa.pl\/cs\/wp-json\/wp\/v2\/comments?post=1665"}],"version-history":[{"count":1,"href":"https:\/\/czeskastrefa.pl\/cs\/wp-json\/wp\/v2\/posts\/1665\/revisions"}],"predecessor-version":[{"id":1674,"href":"https:\/\/czeskastrefa.pl\/cs\/wp-json\/wp\/v2\/posts\/1665\/revisions\/1674"}],"wp:featuredmedia":[{"embeddable":true,"href":"https:\/\/czeskastrefa.pl\/cs\/wp-json\/wp\/v2\/media\/1319"}],"wp:attachment":[{"href":"https:\/\/czeskastrefa.pl\/cs\/wp-json\/wp\/v2\/media?parent=1665"}],"wp:term":[{"taxonomy":"category","embeddable":true,"href":"https:\/\/czeskastrefa.pl\/cs\/wp-json\/wp\/v2\/categories?post=1665"},{"taxonomy":"post_tag","embeddable":true,"href":"https:\/\/czeskastrefa.pl\/cs\/wp-json\/wp\/v2\/tags?post=1665"}],"curies":[{"name":"wp","href":"https:\/\/api.w.org\/{rel}","templated":true}]}}