{"id":1686,"date":"2024-05-04T17:54:02","date_gmt":"2024-05-04T15:54:02","guid":{"rendered":"https:\/\/czeskastrefa.pl\/co-je-to-virtualni-kancelar\/"},"modified":"2024-05-15T20:34:33","modified_gmt":"2024-05-15T18:34:33","slug":"co-je-to-virtualni-kancelar","status":"publish","type":"post","link":"https:\/\/czeskastrefa.pl\/cs\/co-je-to-virtualni-kancelar\/","title":{"rendered":"Co je to virtu\u00e1ln\u00ed kancel\u00e1\u0159?"},"content":{"rendered":"\n<p>V dne\u0161n\u00edm \u010dl\u00e1nku si vysv\u011btl\u00edme, co znamen\u00e1 virtu\u00e1ln\u00ed kancel\u00e1\u0159 spole\u010dnosti a jak\u00e9 v\u00fdhody tato slu\u017eba p\u0159in\u00e1\u0161\u00ed na\u0161\u00ed spole\u010dnosti.<\/p>\n\n<h4 class=\"wp-block-heading\">Virtu\u00e1ln\u00ed kancel\u00e1\u0159 spole\u010dnosti<\/h4>\n\n<p>Virtu\u00e1ln\u00ed s\u00eddlo nebo virtu\u00e1ln\u00ed kancel\u00e1\u0159 je slu\u017eba ur\u010den\u00e1 pro podnikatele. Poskytovatel virtu\u00e1ln\u00ed kancel\u00e1\u0159e pronajme adresu klientovi &#8211; pr\u00e1vnick\u00e9 osob\u011b &#8211; za \u00fa\u010delem jej\u00edho z\u00e1pisu do obchodn\u00edho rejst\u0159\u00edku jako s\u00eddla klienta. To neznamen\u00e1 fyzick\u00e9 u\u017e\u00edv\u00e1n\u00ed prostor a v naprost\u00e9 v\u011bt\u0161in\u011b p\u0159\u00edpad\u016f se jedn\u00e1 o spole\u010dn\u00fd n\u00e1jem s dal\u0161\u00edmi n\u00e1jemci. Prvn\u00ed virtu\u00e1ln\u00ed kancel\u00e1\u0159 zalo\u017eil v roce 1995 v Coloradu Ralph Gregory pod n\u00e1zvem Intelligent Office.<\/p>\n\n<p>Hlavn\u00ed podstatou slu\u017eby je ud\u011blen\u00ed souhlasu s um\u00edst\u011bn\u00edm s\u00eddla v p\u0159\u00edpad\u011b obchodn\u00ed spole\u010dnosti nebo souhlasu s um\u00edst\u011bn\u00edm provozovny v p\u0159\u00edpad\u011b \u017eivnostn\u00edka, bez kter\u00e9ho soud s\u00eddlo\/m\u00edsto podnik\u00e1n\u00ed nezap\u00ed\u0161e, a n\u00e1sledn\u00e9 p\u0159epos\u00edl\u00e1n\u00ed korespondence, kter\u00e1 p\u0159ijde na adresu s\u00eddla klienta. D\u00edky sd\u00edlen\u00ed prostor z\u00edsk\u00e1vaj\u00ed spole\u010dnosti tak\u00e9 mnohem ni\u017e\u0161\u00ed cenu pron\u00e1jmu.<\/p>\n\n<h4 class=\"wp-block-heading\">V\u00fdhody slu\u017eby<\/h4>\n\n<p>Dopl\u0148kov\u00e9 slu\u017eby, kter\u00e9 n\u011bkte\u0159\u00ed poskytovatel\u00e9 nab\u00edzej\u00ed ji\u017e v r\u00e1mci slu\u017eby virtu\u00e1ln\u00ed kancel\u00e1\u0159e nebo za p\u0159\u00edplatek.<\/p>\n\n<ul class=\"wp-block-list\">\n<li>S\u00eddlo va\u0161\u00ed spole\u010dnosti v \u010cesk\u00e9 republice<\/li>\n\n\n\n<li>zalo\u017een\u00ed spole\u010dnosti a z\u00e1pis spole\u010dnosti do obchodn\u00edho rejst\u0159\u00edku.<\/li>\n\n\n\n<li>vy\u0159\u00edd\u00edme za v\u00e1s ve\u0161kerou dokumentaci a formality.<\/li>\n\n\n\n<li>sjedn\u00e1n\u00ed sch\u016fzky s not\u00e1\u0159em<\/li>\n\n\n\n<li>skenov\u00e1n\u00ed ve\u0161ker\u00e9 p\u0159\u00edchoz\u00ed korespondence bez omezen\u00ed a poplatk\u016f,<\/li>\n\n\n\n<li>zas\u00edl\u00e1n\u00ed ozn\u00e1men\u00ed o p\u0159ijat\u00e9 korespondenci<\/li>\n\n\n\n<li>archivace korespondence obdr\u017een\u00e9 po celou dobu trv\u00e1n\u00ed smlouvy.<\/li>\n\n\n\n<li>zas\u00edl\u00e1n\u00ed korespondence na ur\u010denou adresu,<\/li>\n\n\n\n<li>mo\u017enost vyzved\u00e1v\u00e1n\u00ed po\u0161ty<\/li>\n\n\n\n<li>n\u00edzk\u00e1 cena za poskytovan\u00e9 slu\u017eby<\/li>\n\n\n\n<li>vstup do konferen\u010dn\u00ed m\u00edstnosti<\/li>\n\n\n\n<li>dal\u0161\u00ed slu\u017eby souvisej\u00edc\u00ed se zakl\u00e1d\u00e1n\u00edm spole\u010dnost\u00ed<\/li>\n<\/ul>\n\n<h4 class=\"wp-block-heading\">D\u016fv\u011bra z\u00e1kazn\u00edk\u016f  <\/h4>\n\n<p>M\u00e1te jen jednu d\u016fv\u011bru z\u00e1kazn\u00edka. Mnoho \u010desk\u00fdch z\u00e1kazn\u00edk\u016f m\u016f\u017ee zahrani\u010dn\u00edm internetov\u00fdm obchod\u016fm ned\u016fv\u011b\u0159ovat, nap\u0159\u00edklad po p\u0159edchoz\u00edch negativn\u00edch zku\u0161enostech. Pokud se na to tedy pod\u00edv\u00e1me z pohledu z\u00e1kazn\u00edka, a ne pouze z \u010dist\u011b ekonomick\u00e9ho hlediska, zd\u00e1 se, \u017ee s\u00eddlo \u010desk\u00e9 spole\u010dnosti nebo \u010desk\u00e9 DI\u010c je spr\u00e1vnou investic\u00ed pro dlouhodob\u00e9 podnik\u00e1n\u00ed v \u010cesk\u00e9 republice. V tomto ohledu doporu\u010duji dodavatele <a href=\"https:\/\/biuro29.pl\/\" data-type=\"link\" data-id=\"https:\/\/biuro29.pl\/\">BIURO29<\/a>.<\/p>\n","protected":false},"excerpt":{"rendered":"<p>V dne\u0161n\u00edm \u010dl\u00e1nku si vysv\u011btl\u00edme, co znamen\u00e1 virtu\u00e1ln\u00ed kancel\u00e1\u0159 spole\u010dnosti a jak\u00e9 v\u00fdhody tato slu\u017eba p\u0159in\u00e1\u0161\u00ed na\u0161\u00ed spole\u010dnosti. Virtu\u00e1ln\u00ed kancel\u00e1\u0159 spole\u010dnosti Virtu\u00e1ln\u00ed s\u00eddlo nebo virtu\u00e1ln\u00ed kancel\u00e1\u0159 je slu\u017eba ur\u010den\u00e1 pro podnikatele. Poskytovatel virtu\u00e1ln\u00ed kancel\u00e1\u0159e pronajme adresu klientovi &#8211; pr\u00e1vnick\u00e9 osob\u011b &#8211; za \u00fa\u010delem jej\u00edho z\u00e1pisu do obchodn\u00edho rejst\u0159\u00edku jako s\u00eddla klienta. To neznamen\u00e1 fyzick\u00e9 u\u017e\u00edv\u00e1n\u00ed [&hellip;]<\/p>\n","protected":false},"author":1,"featured_media":1370,"comment_status":"open","ping_status":"open","sticky":false,"template":"","format":"standard","meta":{"footnotes":""},"categories":[224,201],"tags":[697,686,207,226,212,204,446,689,691,693,699,203,695,475,684,685,216,687],"class_list":["post-1686","post","type-post","status-publish","format-standard","has-post-thumbnail","hentry","category-e-commerce-cs","category-spolecnost","tag-adresa-cs","tag-ceska-postovni-adresa","tag-ceska-republika","tag-cesky-trh-cs","tag-cesky-trh","tag-cestina","tag-dodavatel-cs","tag-duvera-zakazniku","tag-korespondence","tag-mail-cs","tag-office29-cs","tag-podnikani-v-ceske-republice","tag-sidlo-v-ceske-republice","tag-sluzba-cs","tag-virtualni-kancelar","tag-virtualni-sidlo","tag-zakaznik","tag-zalozeni-podniku"],"yoast_head":"<!-- This site is optimized with the Yoast SEO plugin v26.7 - https:\/\/yoast.com\/wordpress\/plugins\/seo\/ -->\n<title>Co je to virtu\u00e1ln\u00ed kancel\u00e1\u0159? | Czeska Strefa<\/title>\n<meta name=\"description\" content=\"V dne\u0161n\u00edm \u010dl\u00e1nku si vysv\u011btl\u00edme, co znamen\u00e1 virtu\u00e1ln\u00ed kancel\u00e1\u0159 spole\u010dnosti a jak\u00e9 v\u00fdhody tato slu\u017eba p\u0159in\u00e1\u0161\u00ed na\u0161\u00ed spole\u010dnosti.\" \/>\n<meta name=\"robots\" content=\"index, follow, max-snippet:-1, max-image-preview:large, max-video-preview:-1\" \/>\n<link rel=\"canonical\" href=\"https:\/\/czeskastrefa.pl\/cs\/co-je-to-virtualni-kancelar\/\" \/>\n<meta property=\"og:locale\" content=\"cs_CZ\" \/>\n<meta property=\"og:type\" content=\"article\" \/>\n<meta property=\"og:title\" content=\"Co je to virtu\u00e1ln\u00ed kancel\u00e1\u0159?\" \/>\n<meta property=\"og:description\" content=\"Virtu\u00e1ln\u00ed s\u00eddlo nebo virtu\u00e1ln\u00ed kancel\u00e1\u0159 je slu\u017eba ur\u010den\u00e1 pro podnikatele. Poskytovatel virtu\u00e1ln\u00ed kancel\u00e1\u0159e pronajme adresu klientovi - pr\u00e1vnick\u00e9 osob\u011b - za \u00fa\u010delem jej\u00edho z\u00e1pisu do obchodn\u00edho rejst\u0159\u00edku jako s\u00eddla klienta. To neznamen\u00e1 fyzick\u00e9 u\u017e\u00edv\u00e1n\u00ed prostor a v naprost\u00e9 v\u011bt\u0161in\u011b p\u0159\u00edpad\u016f se jedn\u00e1 o spole\u010dn\u00fd n\u00e1jem s dal\u0161\u00edmi n\u00e1jemci. Prvn\u00ed virtu\u00e1ln\u00ed kancel\u00e1\u0159 zalo\u017eil v roce 1995 v Coloradu Ralph Gregory pod n\u00e1zvem Intelligent Office.\" \/>\n<meta property=\"og:url\" content=\"https:\/\/czeskastrefa.pl\/cs\/co-je-to-virtualni-kancelar\/\" \/>\n<meta property=\"og:site_name\" content=\"Czeska Strefa\" \/>\n<meta property=\"article:publisher\" content=\"https:\/\/www.facebook.com\/czeskastrefa\" \/>\n<meta property=\"article:published_time\" content=\"2024-05-04T15:54:02+00:00\" \/>\n<meta property=\"article:modified_time\" content=\"2024-05-15T18:34:33+00:00\" \/>\n<meta property=\"og:image\" content=\"https:\/\/czeskastrefa.pl\/wp-content\/uploads\/2024\/05\/pexels-elina-sazonova-1907046-1024x683.jpg\" \/>\n<meta name=\"author\" content=\"Pavel\" \/>\n<meta name=\"twitter:card\" content=\"summary_large_image\" \/>\n<meta name=\"twitter:label1\" content=\"Napsal(a)\" \/>\n\t<meta name=\"twitter:data1\" content=\"Pavel\" \/>\n\t<meta name=\"twitter:label2\" content=\"Odhadovan\u00e1 doba \u010dten\u00ed\" \/>\n\t<meta name=\"twitter:data2\" content=\"2 minuty\" \/>\n<script type=\"application\/ld+json\" class=\"yoast-schema-graph\">{\"@context\":\"https:\/\/schema.org\",\"@graph\":[{\"@type\":\"Article\",\"@id\":\"https:\/\/czeskastrefa.pl\/cs\/co-je-to-virtualni-kancelar\/#article\",\"isPartOf\":{\"@id\":\"https:\/\/czeskastrefa.pl\/cs\/co-je-to-virtualni-kancelar\/\"},\"author\":{\"name\":\"Pavel\",\"@id\":\"https:\/\/czeskastrefa.pl\/cs\/#\/schema\/person\/1d32ccb8e077c323959ca6d25fce3250\"},\"headline\":\"Co je to virtu\u00e1ln\u00ed kancel\u00e1\u0159?\",\"datePublished\":\"2024-05-04T15:54:02+00:00\",\"dateModified\":\"2024-05-15T18:34:33+00:00\",\"mainEntityOfPage\":{\"@id\":\"https:\/\/czeskastrefa.pl\/cs\/co-je-to-virtualni-kancelar\/\"},\"wordCount\":437,\"commentCount\":0,\"publisher\":{\"@id\":\"https:\/\/czeskastrefa.pl\/cs\/#organization\"},\"image\":{\"@id\":\"https:\/\/czeskastrefa.pl\/cs\/co-je-to-virtualni-kancelar\/#primaryimage\"},\"thumbnailUrl\":\"https:\/\/czeskastrefa.pl\/wp-content\/uploads\/2024\/05\/pexels-elina-sazonova-1907046-scaled.jpg\",\"keywords\":[\"adresa\",\"\u010cesk\u00e1 po\u0161tovn\u00ed adresa\",\"\u010cesk\u00e1 republika\",\"\u010desk\u00fd trh\",\"\u010cesk\u00fd trh\",\"\u010de\u0161tina\",\"dodavatel\",\"d\u016fv\u011bra z\u00e1kazn\u00edk\u016f\",\"korespondence\",\"mail\",\"OFFICE29\",\"podnik\u00e1n\u00ed v \u010cesk\u00e9 republice\",\"S\u00eddlo v \u010cesk\u00e9 republice\",\"slu\u017eba\",\"virtu\u00e1ln\u00ed kancel\u00e1\u0159\",\"virtu\u00e1ln\u00ed s\u00eddlo\",\"z\u00e1kazn\u00edk\",\"zalo\u017een\u00ed podniku\"],\"articleSection\":[\"E-commerce\",\"Spole\u010dnost\"],\"inLanguage\":\"cs\",\"potentialAction\":[{\"@type\":\"CommentAction\",\"name\":\"Comment\",\"target\":[\"https:\/\/czeskastrefa.pl\/cs\/co-je-to-virtualni-kancelar\/#respond\"]}]},{\"@type\":\"WebPage\",\"@id\":\"https:\/\/czeskastrefa.pl\/cs\/co-je-to-virtualni-kancelar\/\",\"url\":\"https:\/\/czeskastrefa.pl\/cs\/co-je-to-virtualni-kancelar\/\",\"name\":\"Co je to virtu\u00e1ln\u00ed kancel\u00e1\u0159? | Czeska Strefa\",\"isPartOf\":{\"@id\":\"https:\/\/czeskastrefa.pl\/cs\/#website\"},\"primaryImageOfPage\":{\"@id\":\"https:\/\/czeskastrefa.pl\/cs\/co-je-to-virtualni-kancelar\/#primaryimage\"},\"image\":{\"@id\":\"https:\/\/czeskastrefa.pl\/cs\/co-je-to-virtualni-kancelar\/#primaryimage\"},\"thumbnailUrl\":\"https:\/\/czeskastrefa.pl\/wp-content\/uploads\/2024\/05\/pexels-elina-sazonova-1907046-scaled.jpg\",\"datePublished\":\"2024-05-04T15:54:02+00:00\",\"dateModified\":\"2024-05-15T18:34:33+00:00\",\"description\":\"V dne\u0161n\u00edm \u010dl\u00e1nku si vysv\u011btl\u00edme, co znamen\u00e1 virtu\u00e1ln\u00ed kancel\u00e1\u0159 spole\u010dnosti a jak\u00e9 v\u00fdhody tato slu\u017eba p\u0159in\u00e1\u0161\u00ed na\u0161\u00ed spole\u010dnosti.\",\"breadcrumb\":{\"@id\":\"https:\/\/czeskastrefa.pl\/cs\/co-je-to-virtualni-kancelar\/#breadcrumb\"},\"inLanguage\":\"cs\",\"potentialAction\":[{\"@type\":\"ReadAction\",\"target\":[\"https:\/\/czeskastrefa.pl\/cs\/co-je-to-virtualni-kancelar\/\"]}]},{\"@type\":\"ImageObject\",\"inLanguage\":\"cs\",\"@id\":\"https:\/\/czeskastrefa.pl\/cs\/co-je-to-virtualni-kancelar\/#primaryimage\",\"url\":\"https:\/\/czeskastrefa.pl\/wp-content\/uploads\/2024\/05\/pexels-elina-sazonova-1907046-scaled.jpg\",\"contentUrl\":\"https:\/\/czeskastrefa.pl\/wp-content\/uploads\/2024\/05\/pexels-elina-sazonova-1907046-scaled.jpg\",\"width\":2560,\"height\":1707},{\"@type\":\"BreadcrumbList\",\"@id\":\"https:\/\/czeskastrefa.pl\/cs\/co-je-to-virtualni-kancelar\/#breadcrumb\",\"itemListElement\":[{\"@type\":\"ListItem\",\"position\":1,\"name\":\"Strona g\u0142\u00f3wna\",\"item\":\"https:\/\/czeskastrefa.pl\/cs\/\"},{\"@type\":\"ListItem\",\"position\":2,\"name\":\"Co je to virtu\u00e1ln\u00ed kancel\u00e1\u0159?\"}]},{\"@type\":\"WebSite\",\"@id\":\"https:\/\/czeskastrefa.pl\/cs\/#website\",\"url\":\"https:\/\/czeskastrefa.pl\/cs\/\",\"name\":\"Czeska Strefa\",\"description\":\"Us\u0142ugi zwi\u0105zane z e-commerce na rynku czeskim\",\"publisher\":{\"@id\":\"https:\/\/czeskastrefa.pl\/cs\/#organization\"},\"alternateName\":\"Czeska Strefa\",\"potentialAction\":[{\"@type\":\"SearchAction\",\"target\":{\"@type\":\"EntryPoint\",\"urlTemplate\":\"https:\/\/czeskastrefa.pl\/cs\/?s={search_term_string}\"},\"query-input\":{\"@type\":\"PropertyValueSpecification\",\"valueRequired\":true,\"valueName\":\"search_term_string\"}}],\"inLanguage\":\"cs\"},{\"@type\":\"Organization\",\"@id\":\"https:\/\/czeskastrefa.pl\/cs\/#organization\",\"name\":\"Czeska Strefa\",\"alternateName\":\"Us\u0142ugi e-commerce na rynku czeskim\",\"url\":\"https:\/\/czeskastrefa.pl\/cs\/\",\"logo\":{\"@type\":\"ImageObject\",\"inLanguage\":\"cs\",\"@id\":\"https:\/\/czeskastrefa.pl\/cs\/#\/schema\/logo\/image\/\",\"url\":\"https:\/\/czeskastrefa.pl\/wp-content\/uploads\/2024\/04\/cropped-thumbnail_czeska-strefa-512-pxbhhui.png\",\"contentUrl\":\"https:\/\/czeskastrefa.pl\/wp-content\/uploads\/2024\/04\/cropped-thumbnail_czeska-strefa-512-pxbhhui.png\",\"width\":240,\"height\":240,\"caption\":\"Czeska Strefa\"},\"image\":{\"@id\":\"https:\/\/czeskastrefa.pl\/cs\/#\/schema\/logo\/image\/\"},\"sameAs\":[\"https:\/\/www.facebook.com\/czeskastrefa\",\"https:\/\/www.linkedin.com\/company\/czeskastrefa\",\"https:\/\/www.instagram.com\/czeskastrefa\"]},{\"@type\":\"Person\",\"@id\":\"https:\/\/czeskastrefa.pl\/cs\/#\/schema\/person\/1d32ccb8e077c323959ca6d25fce3250\",\"name\":\"Pavel\",\"image\":{\"@type\":\"ImageObject\",\"inLanguage\":\"cs\",\"@id\":\"https:\/\/czeskastrefa.pl\/cs\/#\/schema\/person\/image\/\",\"url\":\"https:\/\/secure.gravatar.com\/avatar\/085f67c8a973f3afb71a7154f8b42948964ced82947c1a5cab9e277e1494e625?s=96&d=mm&r=g\",\"contentUrl\":\"https:\/\/secure.gravatar.com\/avatar\/085f67c8a973f3afb71a7154f8b42948964ced82947c1a5cab9e277e1494e625?s=96&d=mm&r=g\",\"caption\":\"Pavel\"},\"sameAs\":[\"https:\/\/czeskastrefa.pl\"],\"url\":\"https:\/\/czeskastrefa.pl\/cs\/author\/pavel\/\"}]}<\/script>\n<!-- \/ Yoast SEO plugin. -->","yoast_head_json":{"title":"Co je to virtu\u00e1ln\u00ed kancel\u00e1\u0159? | Czeska Strefa","description":"V dne\u0161n\u00edm \u010dl\u00e1nku si vysv\u011btl\u00edme, co znamen\u00e1 virtu\u00e1ln\u00ed kancel\u00e1\u0159 spole\u010dnosti a jak\u00e9 v\u00fdhody tato slu\u017eba p\u0159in\u00e1\u0161\u00ed na\u0161\u00ed spole\u010dnosti.","robots":{"index":"index","follow":"follow","max-snippet":"max-snippet:-1","max-image-preview":"max-image-preview:large","max-video-preview":"max-video-preview:-1"},"canonical":"https:\/\/czeskastrefa.pl\/cs\/co-je-to-virtualni-kancelar\/","og_locale":"cs_CZ","og_type":"article","og_title":"Co je to virtu\u00e1ln\u00ed kancel\u00e1\u0159?","og_description":"Virtu\u00e1ln\u00ed s\u00eddlo nebo virtu\u00e1ln\u00ed kancel\u00e1\u0159 je slu\u017eba ur\u010den\u00e1 pro podnikatele. Poskytovatel virtu\u00e1ln\u00ed kancel\u00e1\u0159e pronajme adresu klientovi - pr\u00e1vnick\u00e9 osob\u011b - za \u00fa\u010delem jej\u00edho z\u00e1pisu do obchodn\u00edho rejst\u0159\u00edku jako s\u00eddla klienta. To neznamen\u00e1 fyzick\u00e9 u\u017e\u00edv\u00e1n\u00ed prostor a v naprost\u00e9 v\u011bt\u0161in\u011b p\u0159\u00edpad\u016f se jedn\u00e1 o spole\u010dn\u00fd n\u00e1jem s dal\u0161\u00edmi n\u00e1jemci. Prvn\u00ed virtu\u00e1ln\u00ed kancel\u00e1\u0159 zalo\u017eil v roce 1995 v Coloradu Ralph Gregory pod n\u00e1zvem Intelligent Office.","og_url":"https:\/\/czeskastrefa.pl\/cs\/co-je-to-virtualni-kancelar\/","og_site_name":"Czeska Strefa","article_publisher":"https:\/\/www.facebook.com\/czeskastrefa","article_published_time":"2024-05-04T15:54:02+00:00","article_modified_time":"2024-05-15T18:34:33+00:00","og_image":[{"url":"https:\/\/czeskastrefa.pl\/wp-content\/uploads\/2024\/05\/pexels-elina-sazonova-1907046-1024x683.jpg","type":"","width":"","height":""}],"author":"Pavel","twitter_card":"summary_large_image","twitter_misc":{"Napsal(a)":"Pavel","Odhadovan\u00e1 doba \u010dten\u00ed":"2 minuty"},"schema":{"@context":"https:\/\/schema.org","@graph":[{"@type":"Article","@id":"https:\/\/czeskastrefa.pl\/cs\/co-je-to-virtualni-kancelar\/#article","isPartOf":{"@id":"https:\/\/czeskastrefa.pl\/cs\/co-je-to-virtualni-kancelar\/"},"author":{"name":"Pavel","@id":"https:\/\/czeskastrefa.pl\/cs\/#\/schema\/person\/1d32ccb8e077c323959ca6d25fce3250"},"headline":"Co je to virtu\u00e1ln\u00ed kancel\u00e1\u0159?","datePublished":"2024-05-04T15:54:02+00:00","dateModified":"2024-05-15T18:34:33+00:00","mainEntityOfPage":{"@id":"https:\/\/czeskastrefa.pl\/cs\/co-je-to-virtualni-kancelar\/"},"wordCount":437,"commentCount":0,"publisher":{"@id":"https:\/\/czeskastrefa.pl\/cs\/#organization"},"image":{"@id":"https:\/\/czeskastrefa.pl\/cs\/co-je-to-virtualni-kancelar\/#primaryimage"},"thumbnailUrl":"https:\/\/czeskastrefa.pl\/wp-content\/uploads\/2024\/05\/pexels-elina-sazonova-1907046-scaled.jpg","keywords":["adresa","\u010cesk\u00e1 po\u0161tovn\u00ed adresa","\u010cesk\u00e1 republika","\u010desk\u00fd trh","\u010cesk\u00fd trh","\u010de\u0161tina","dodavatel","d\u016fv\u011bra z\u00e1kazn\u00edk\u016f","korespondence","mail","OFFICE29","podnik\u00e1n\u00ed v \u010cesk\u00e9 republice","S\u00eddlo v \u010cesk\u00e9 republice","slu\u017eba","virtu\u00e1ln\u00ed kancel\u00e1\u0159","virtu\u00e1ln\u00ed s\u00eddlo","z\u00e1kazn\u00edk","zalo\u017een\u00ed podniku"],"articleSection":["E-commerce","Spole\u010dnost"],"inLanguage":"cs","potentialAction":[{"@type":"CommentAction","name":"Comment","target":["https:\/\/czeskastrefa.pl\/cs\/co-je-to-virtualni-kancelar\/#respond"]}]},{"@type":"WebPage","@id":"https:\/\/czeskastrefa.pl\/cs\/co-je-to-virtualni-kancelar\/","url":"https:\/\/czeskastrefa.pl\/cs\/co-je-to-virtualni-kancelar\/","name":"Co je to virtu\u00e1ln\u00ed kancel\u00e1\u0159? | Czeska Strefa","isPartOf":{"@id":"https:\/\/czeskastrefa.pl\/cs\/#website"},"primaryImageOfPage":{"@id":"https:\/\/czeskastrefa.pl\/cs\/co-je-to-virtualni-kancelar\/#primaryimage"},"image":{"@id":"https:\/\/czeskastrefa.pl\/cs\/co-je-to-virtualni-kancelar\/#primaryimage"},"thumbnailUrl":"https:\/\/czeskastrefa.pl\/wp-content\/uploads\/2024\/05\/pexels-elina-sazonova-1907046-scaled.jpg","datePublished":"2024-05-04T15:54:02+00:00","dateModified":"2024-05-15T18:34:33+00:00","description":"V dne\u0161n\u00edm \u010dl\u00e1nku si vysv\u011btl\u00edme, co znamen\u00e1 virtu\u00e1ln\u00ed kancel\u00e1\u0159 spole\u010dnosti a jak\u00e9 v\u00fdhody tato slu\u017eba p\u0159in\u00e1\u0161\u00ed na\u0161\u00ed spole\u010dnosti.","breadcrumb":{"@id":"https:\/\/czeskastrefa.pl\/cs\/co-je-to-virtualni-kancelar\/#breadcrumb"},"inLanguage":"cs","potentialAction":[{"@type":"ReadAction","target":["https:\/\/czeskastrefa.pl\/cs\/co-je-to-virtualni-kancelar\/"]}]},{"@type":"ImageObject","inLanguage":"cs","@id":"https:\/\/czeskastrefa.pl\/cs\/co-je-to-virtualni-kancelar\/#primaryimage","url":"https:\/\/czeskastrefa.pl\/wp-content\/uploads\/2024\/05\/pexels-elina-sazonova-1907046-scaled.jpg","contentUrl":"https:\/\/czeskastrefa.pl\/wp-content\/uploads\/2024\/05\/pexels-elina-sazonova-1907046-scaled.jpg","width":2560,"height":1707},{"@type":"BreadcrumbList","@id":"https:\/\/czeskastrefa.pl\/cs\/co-je-to-virtualni-kancelar\/#breadcrumb","itemListElement":[{"@type":"ListItem","position":1,"name":"Strona g\u0142\u00f3wna","item":"https:\/\/czeskastrefa.pl\/cs\/"},{"@type":"ListItem","position":2,"name":"Co je to virtu\u00e1ln\u00ed kancel\u00e1\u0159?"}]},{"@type":"WebSite","@id":"https:\/\/czeskastrefa.pl\/cs\/#website","url":"https:\/\/czeskastrefa.pl\/cs\/","name":"Czeska Strefa","description":"Us\u0142ugi zwi\u0105zane z e-commerce na rynku czeskim","publisher":{"@id":"https:\/\/czeskastrefa.pl\/cs\/#organization"},"alternateName":"Czeska Strefa","potentialAction":[{"@type":"SearchAction","target":{"@type":"EntryPoint","urlTemplate":"https:\/\/czeskastrefa.pl\/cs\/?s={search_term_string}"},"query-input":{"@type":"PropertyValueSpecification","valueRequired":true,"valueName":"search_term_string"}}],"inLanguage":"cs"},{"@type":"Organization","@id":"https:\/\/czeskastrefa.pl\/cs\/#organization","name":"Czeska Strefa","alternateName":"Us\u0142ugi e-commerce na rynku czeskim","url":"https:\/\/czeskastrefa.pl\/cs\/","logo":{"@type":"ImageObject","inLanguage":"cs","@id":"https:\/\/czeskastrefa.pl\/cs\/#\/schema\/logo\/image\/","url":"https:\/\/czeskastrefa.pl\/wp-content\/uploads\/2024\/04\/cropped-thumbnail_czeska-strefa-512-pxbhhui.png","contentUrl":"https:\/\/czeskastrefa.pl\/wp-content\/uploads\/2024\/04\/cropped-thumbnail_czeska-strefa-512-pxbhhui.png","width":240,"height":240,"caption":"Czeska Strefa"},"image":{"@id":"https:\/\/czeskastrefa.pl\/cs\/#\/schema\/logo\/image\/"},"sameAs":["https:\/\/www.facebook.com\/czeskastrefa","https:\/\/www.linkedin.com\/company\/czeskastrefa","https:\/\/www.instagram.com\/czeskastrefa"]},{"@type":"Person","@id":"https:\/\/czeskastrefa.pl\/cs\/#\/schema\/person\/1d32ccb8e077c323959ca6d25fce3250","name":"Pavel","image":{"@type":"ImageObject","inLanguage":"cs","@id":"https:\/\/czeskastrefa.pl\/cs\/#\/schema\/person\/image\/","url":"https:\/\/secure.gravatar.com\/avatar\/085f67c8a973f3afb71a7154f8b42948964ced82947c1a5cab9e277e1494e625?s=96&d=mm&r=g","contentUrl":"https:\/\/secure.gravatar.com\/avatar\/085f67c8a973f3afb71a7154f8b42948964ced82947c1a5cab9e277e1494e625?s=96&d=mm&r=g","caption":"Pavel"},"sameAs":["https:\/\/czeskastrefa.pl"],"url":"https:\/\/czeskastrefa.pl\/cs\/author\/pavel\/"}]}},"_links":{"self":[{"href":"https:\/\/czeskastrefa.pl\/cs\/wp-json\/wp\/v2\/posts\/1686","targetHints":{"allow":["GET"]}}],"collection":[{"href":"https:\/\/czeskastrefa.pl\/cs\/wp-json\/wp\/v2\/posts"}],"about":[{"href":"https:\/\/czeskastrefa.pl\/cs\/wp-json\/wp\/v2\/types\/post"}],"author":[{"embeddable":true,"href":"https:\/\/czeskastrefa.pl\/cs\/wp-json\/wp\/v2\/users\/1"}],"replies":[{"embeddable":true,"href":"https:\/\/czeskastrefa.pl\/cs\/wp-json\/wp\/v2\/comments?post=1686"}],"version-history":[{"count":1,"href":"https:\/\/czeskastrefa.pl\/cs\/wp-json\/wp\/v2\/posts\/1686\/revisions"}],"predecessor-version":[{"id":1694,"href":"https:\/\/czeskastrefa.pl\/cs\/wp-json\/wp\/v2\/posts\/1686\/revisions\/1694"}],"wp:featuredmedia":[{"embeddable":true,"href":"https:\/\/czeskastrefa.pl\/cs\/wp-json\/wp\/v2\/media\/1370"}],"wp:attachment":[{"href":"https:\/\/czeskastrefa.pl\/cs\/wp-json\/wp\/v2\/media?parent=1686"}],"wp:term":[{"taxonomy":"category","embeddable":true,"href":"https:\/\/czeskastrefa.pl\/cs\/wp-json\/wp\/v2\/categories?post=1686"},{"taxonomy":"post_tag","embeddable":true,"href":"https:\/\/czeskastrefa.pl\/cs\/wp-json\/wp\/v2\/tags?post=1686"}],"curies":[{"name":"wp","href":"https:\/\/api.w.org\/{rel}","templated":true}]}}